{"id":7123,"date":"2020-10-05T10:56:35","date_gmt":"2020-10-05T10:56:35","guid":{"rendered":"http:\/\/bauclassroom.com\/info\/?p=7123"},"modified":"2020-09-28T17:17:01","modified_gmt":"2020-09-28T17:17:01","slug":"les-rencontres-arles-photo-2","status":"publish","type":"post","link":"http:\/\/bauclassroom.com\/info\/2020\/10\/05\/les-rencontres-arles-photo-2\/","title":{"rendered":"Les Rencontres Arles Photo"},"content":{"rendered":"<p>Photographie 15 expositions \u00e0 voir absolument aux Rencontres de la Photographie 2019 \u00e0 Arles Alors que la troisi\u00e8me vague f\u00e9ministe modifie en profondeur nos soci\u00e9t\u00e9s, le festival propose de parcourir certains moments de lHistoire pendant lesquels les corps ont \u00e9t\u00e9 un moyen dexpression, un outil de combat et davanc\u00e9e sociale. Gundula Schulze Eldowy, Berlin 1987, s\u00e9rie Berlin par une nuit de chien. Avec laimable autorisation de lartiste. <img decoding=\"async\" src=\"http:\/\/en.people.cn\/NMediaFile\/2017\/0505\/FOREIGN201705051049000508630625308.jpg\" alt=\"les rencontres arles photo\" align=\"left\"> Le rendez-vous incontournable des milieux du design Message en cas derreur au focus sur le champ Veuillez saisir le code de s\u00e9curit\u00e9 ci-dessous : Browse related hashtags used by Instagram and Twitters users. Le site Societe.com est optimis\u00e9 pour. Afin de profiter dune meilleure exp\u00e9rience de navigation, nous vous invitons \u00e0 mettre votre navigateur \u00e0 jour, ou de t\u00e9l\u00e9charger un autre navigateur tel que, ou. <img decoding=\"async\" src=\"http:\/\/i.f1g.fr\/media\/figaro\/orig\/2017\/07\/05\/XVM4df29710-6196-11e7-8697-e953ea7cf4e0.jpg\" alt=\"les rencontres arles photo\" align=\"right\"> L\u00e9dition 2020 des Rencontres de la photographie dArles est annul\u00e9e  Rencontres Arles Photographie Online Shop-Online shop homepage <img decoding=\"async\" src=\"http:\/\/www.ivasfot.com\/wp-content\/gallery\/arles\/ARLMSC359.jpg\" alt=\"les rencontres arles photo\" align=\"right\"> De grands projets architecturaux et culturels viendront bient\u00f4t enrichir encore cette offre. Cr\u00e9ez un compte afin dacc\u00e9der \u00e0 la version num\u00e9rique du magazine et \u00e0 lint\u00e9gralit\u00e9 des contenus du Point inclus dans votre offre.  Le site a \u00e9t\u00e9 pens\u00e9 comme un lieu artistique, \u00e9cologique et social. Un centre dart, de recherche et de production novateur qui devrait \u00eatre totalement termin\u00e9 en 2018. Ouka Leele, Peluquer\u00eda, 1979. Cette image, renvers\u00e9e, est laffiche du festival 2019. Les rencontres Internationales de la photographie dArles CEN0341 Commissaire dexposition et sp\u00e9cialiste de la photographie, Sam Stourdz\u00e9 a repris la direction des Rencontres dArles depuis 2014. Les Rencontres dArles recrutent leur directeur-directrice. Appel \u00e0 candidatures Par Le 17 mars 2020 \u00e0 11h53 Au c\u0153ur de la Provence, le Zoo de La Barben vous invite \u00e0 vous \u00e9vader dans un parc verdoyant aux senteurs m\u00e9diterran\u00e9ennes.  La production du laur\u00e9at est pr\u00e9sent\u00e9e durant l\u00e9dition suivante des Rencontres dArles. Merci pour votre intervention. Cest vrai que cette manifestation est de grande ampleur, mais paradoxalement les gens ne sont pas toujours inform\u00e9s de son existence! Voyage jusquaux racines de la spiritualit\u00e9 africaine pour d\u00e9couvrir la force dynamique qui dirige tous les mouvements de la vie. Production de films institutionnels et publicitaires 5911B.<\/p>\n","protected":false},"excerpt":{"rendered":"<p>les rencontres arles photo<\/p>\n","protected":false},"author":1,"featured_media":0,"comment_status":"closed","ping_status":"closed","sticky":false,"template":"","format":"standard","meta":{"footnotes":""},"categories":[1],"tags":[],"_links":{"self":[{"href":"http:\/\/bauclassroom.com\/info\/wp-json\/wp\/v2\/posts\/7123"}],"collection":[{"href":"http:\/\/bauclassroom.com\/info\/wp-json\/wp\/v2\/posts"}],"about":[{"href":"http:\/\/bauclassroom.com\/info\/wp-json\/wp\/v2\/types\/post"}],"author":[{"embeddable":true,"href":"http:\/\/bauclassroom.com\/info\/wp-json\/wp\/v2\/users\/1"}],"replies":[{"embeddable":true,"href":"http:\/\/bauclassroom.com\/info\/wp-json\/wp\/v2\/comments?post=7123"}],"version-history":[{"count":1,"href":"http:\/\/bauclassroom.com\/info\/wp-json\/wp\/v2\/posts\/7123\/revisions"}],"predecessor-version":[{"id":7124,"href":"http:\/\/bauclassroom.com\/info\/wp-json\/wp\/v2\/posts\/7123\/revisions\/7124"}],"wp:attachment":[{"href":"http:\/\/bauclassroom.com\/info\/wp-json\/wp\/v2\/media?parent=7123"}],"wp:term":[{"taxonomy":"category","embeddable":true,"href":"http:\/\/bauclassroom.com\/info\/wp-json\/wp\/v2\/categories?post=7123"},{"taxonomy":"post_tag","embeddable":true,"href":"http:\/\/bauclassroom.com\/info\/wp-json\/wp\/v2\/tags?post=7123"}],"curies":[{"name":"wp","href":"https:\/\/api.w.org\/{rel}","templated":true}]}}