{"id":7143,"date":"2020-10-05T23:58:55","date_gmt":"2020-10-05T23:58:55","guid":{"rendered":"http:\/\/bauclassroom.com\/info\/?p=7143"},"modified":"2020-09-28T17:59:19","modified_gmt":"2020-09-28T17:59:19","slug":"une-rencontre-inoubliable-fred-uhlman-2","status":"publish","type":"post","link":"http:\/\/bauclassroom.com\/info\/2020\/10\/05\/une-rencontre-inoubliable-fred-uhlman-2\/","title":{"rendered":"Une Rencontre Inoubliable Fred Uhlman"},"content":{"rendered":"<p>C quoi ce site et cette critique je vous conseille vraiment de supprimer ou dabandonner ce site nul qui ne sert a rien cimer a toi mec qui connait rien et qui fait genre Quelque part, cest une sujet int\u00e9ressant, mais jai eu la sensation quil \u00e9tait grandement sous exploit\u00e9. Jai eu loccasion de lire dautres histoires de ce genre qui mont davantage plu. Ici, je me suis retrouv\u00e9e comme une spectatrice plut\u00f4t indiff\u00e9rente. Je ne me suis attach\u00e9e \u00e0 aucun des deux gar\u00e7ons. Leurs vies, leurs sentiments, m\u00eame leur relation, ne sont finalement pas beaucoup d\u00e9velopp\u00e9s. En m\u00eame temps, le livre ne fait quune petite centaine de pages. Comment creuser davantage dans un texte aussi court? Nous ne faisons finalement que survoler cette amiti\u00e9. Nous ne faisons \u00e9galement que survoler le contexte dans lequel les deux protagonistes \u00e9voluent. Et \u00e0 force de ne faire que survoler, on nentre pas vraiment dans lhistoire. Deux ados Hans, fils dun m\u00e9decin de confession juive et Conrad, h\u00e9ritier dune noble famille protestante qui en apparence nont rien en commun, vont pourtant tisser des liens tr\u00e8s forts. Malheureusement, ils sont n\u00e9s au mauvais moment et au mauvais endroit. LAllemagne dans les ann\u00e9es 30 devient hostile \u00e0 ses citoyens de confession juive, les adultes mais aussi les enfants subissent affronts et brimades. Il est d\u00e9cid\u00e9 de mettre Hans en s\u00e9curit\u00e9. Les deux gar\u00e7ons sont donc s\u00e9par\u00e9s. Des d\u00e9cennies plus tard, Hans sinterroge sur ce que sont devenus ses anciens tourmenteurs \u00e0 l\u00e9cole et son seul et unique ami. <img decoding=\"async\" src=\"http:\/\/catalogue.gazette-drouot.com\/images\/perso\/lot218x180b\/LOT\/266\/84491\/426.jpg\" alt=\"une rencontre inoubliable fred uhlman\" align=\"center\"> \u03ad\u03bb\u03b1 \u03c3\u03c4\u03b7 \u03b8\u03ad\u03c3\u03b7 \u03bc\u03bf\u03c5 \u03b5\u03c0\u03b5\u03b9\u03c3\u03cc\u03b4\u03b9\u03bf 92 \u039f\u0394\u039f\u039d\u03a4\u039f\u0392\u039f\u03a5\u03a1\u03a4\u03a3\u0391 CHICCO \u0393\u0399\u0391 \u0392\u03a1\u0395\u03a6\u0397 \u03a1\u039f\u0396 6\u039c\u0397\u039d\u03a9\u039d \u03b5\u03b9\u03c2 \u03b8\u03b1\u03bd\u03b1\u03c4\u03bf\u03bd \u03b5\u03c0\u03b5\u03b9\u03c3\u03bf\u03b4\u03b9\u03bf 3 PL1.152004147 \u03b2\u03b1\u03bb\u03c4\u03b5\u03c4\u03c3\u03b9\u03bf\u03c5 \u03b5\u03be\u03b1\u03c1\u03c7\u03b5\u03b9\u03b1 \u03b5\u03c3\u03c4\u03b9\u03b1\u03c4\u03bf\u03c1\u03b9\u03bf CHICCO \u03ba\u03b1\u03b6\u03b9\u03bd\u03bf \u03c0\u03b1\u03c1\u03bd\u03b7\u03b8\u03b1\u03c2 \u03b4\u03b9\u03b5\u03c5\u03b8\u03c5\u03bd\u03c3\u03b7 CHICCO Seule ladolescence est capable dune telle intensit\u00e9 dans lamiti\u00e9, car les adolescents sy jettent \u00e0 corps perdus, pas encore totalement conscients du temps qui passe ni des vicissitudes de lactualit\u00e9. Cest cette amiti\u00e9 que le narrateur gardera en lui toute sa vie, bien quelle fut br\u00e8ve et compliqu\u00e9e: question d\u00e9poque. 3-Le style simple, \u00e9l\u00e9gant et fluide rend la lecture de ce livre facile et agr\u00e9able. Le traitement sobre de lhistoire et le manque total de sentimentalit\u00e9 exigent du lecteur un certain travail de r\u00e9flexion pour pouvoir saisir toute la profondeur de ce qui est d\u00e9crit. La fin est dautant plus \u00e9crasante que le reste du r\u00e9cit est trait\u00e9 avec une grande pudeur et une infinie subtilit\u00e9. Conrad von Hohenfels : issu dune famille noble aristocrate et protestante avec un pass\u00e9 prestigieux remontant au XIIe si\u00e8cle. Il est aussi de nature plut\u00f4t timide. Il meurt en 1944 dans les circonstances particuli\u00e8res qui marquent la fin du roman. Le p\u00e8re de Hans : m\u00e9decin juif, v\u00e9t\u00e9ran de la Premi\u00e8re guerre mondiale. Un homme avec un front haut, des cheveux gris, une moustache courte et sans v\u00e9ritable religion. Cest un m\u00e9decin renomm\u00e9 et honor\u00e9. Il se sent patriote, plus souabe et plus allemand que juif, tout en \u00e9tant fier de ses origines et critique le. Il aime son fils. Se suicide au gaz peu apr\u00e8s le d\u00e9part de son fils, emportant sa femme, la m\u00e8re de Hans. Je pensais lire un livre sur lamiti\u00e9 durant la guerre entre un jeune Allemand juif et un jeune Allemand non juif, mais pas du tout. Vous pouvez vous cr\u00e9er un revenu passif \u00e0 vie simplement en publiant des livres sur Amazon, sans avoir \u00e0 faire de publicit\u00e9 ou cr\u00e9er de site, car cest Amazon qui soccupe des ventes en lui versant une partie comme commission. Les chapitres 18 et 19 sont une sorte d\u00e9pilogue chapitre exposant des faits post\u00e9rieurs \u00e0 laction et destin\u00e9 \u00e0 en compl\u00e9ter le sens, la port\u00e9e, selon Le Petit Robert. Cest ici le cas car une ellipse de trente ans s\u00e9pare les actions rapport\u00e9es jusque-l\u00e0 des \u00e9v\u00e9nements racont\u00e9s dans les deux derniers chapitres. Mais ceux-ci ne font pas que compl\u00e9ter le sens de lhistoire damiti\u00e9 de ces deux adolescents : ils lui donnent r\u00e9ellement son sens et cl\u00f4turent lhistoire.  rouh tkhra wa wahd al kalb na3 din jadak wachih houya hada ya kafir Lorem ipsum dolor sit amet, elit, cras ut imperdiet augue. Hans et Conrad sont n\u00e9s le 19 janvier, tout comme lauteur. Dans son autobiographie, Fred Uhlman mentionne : Deux autres gar\u00e7ons qui allaient \u00e0 la m\u00eame \u00e9cole \u00e9taient les fr\u00e8res Stauffenberg. Lun deux a presque r\u00e9ussi \u00e0 tuer Hitler. Pour cela, il a \u00e9t\u00e9 ex\u00e9cut\u00e9. Officielles de l\u00c9ducation nationale prescrivent, parmi dautres, la lecture de Lami retrouv\u00e9 <img decoding=\"async\" src=\"http:\/\/www.period.giftsfromsd.com\/wp-content\/uploads\/2014\/02\/DSC_40210121234.jpg\" alt=\"une rencontre inoubliable fred uhlman\" align=\"right\">  <img decoding=\"async\" src=\"http:\/\/www.metcpare.ga\/2634-12766-large\/location-appartement-2-pieces-guerigny-58130.jpg\" alt=\"une rencontre inoubliable fred uhlman\" align=\"left\"> Les adresses de pages web et de courriels sont transform\u00e9es en liens automatiquement. Sur la premi\u00e8re de couverture, on peut voir une image tir\u00e9 du film de Jerry Schatzberg intitul\u00e9 : Lami retrouv\u00e9. Il y a une fl\u00e8che rouge o\u00f9 est \u00e9crit en blanc le titre Lami retrouv\u00e9, le nom de lauteur Fred Uhlman et Texte int\u00e9grale et dossier. Il y a \u00e9galement \u00e9crit en haut la collection du livre Classico coll\u00e8ge, et en bas \u00e0 droite, sur.  Confidentialit\u00e9 Cookies : Ce site utilise des cookies. En continuant \u00e0 utiliser ce site, vous acceptez leur utilisation. Doit-on faire trop de concessions pour conserver intacte une amiti\u00e9? Jusqu\u00e0 ressentir de la honte quand le p\u00e8re de Hans appelle Conrad Monsieur le Comte avec d\u00e9f\u00e9rence? Peut-on \u00e9prouver parfois de la haine en m\u00eame temps que lamiti\u00e9? \u0395\u03bc\u03c0\u03bb\u03bf\u03c5\u03c4\u03b9\u03c3\u03bc\u03ad\u03bd\u03bf \u03bc\u03b5 \u03b4\u03c1\u03b1\u03c3\u03c4\u03b9\u03ba\u03ac \u03c3\u03c5\u03c3\u03c4\u03b1\u03c4\u03b9\u03ba\u03ac \u03cc\u03c0\u03c9\u03c2 \u03c4\u03bf \u03b5\u03ba\u03c7\u03cd\u03bb\u03b9\u03c3\u03bc\u03b1 \u03b2\u03b9\u03c4\u03b1\u03bc\u03af\u03bd\u03b7\u03c2 \u0395 \u03ba\u03b1\u03b9 Physalis \u03bc\u03b5 \u03b1\u03bd\u03c4\u03b9\u03bf\u03be\u03b5\u03b9\u03b4\u03c9\u03c4\u03b9\u03ba\u03ae \u03b4\u03c1\u03ac\u03c3\u03b7.<\/p>\n","protected":false},"excerpt":{"rendered":"<p>une rencontre inoubliable fred uhlman<\/p>\n","protected":false},"author":1,"featured_media":0,"comment_status":"closed","ping_status":"closed","sticky":false,"template":"","format":"standard","meta":{"footnotes":""},"categories":[1],"tags":[],"_links":{"self":[{"href":"http:\/\/bauclassroom.com\/info\/wp-json\/wp\/v2\/posts\/7143"}],"collection":[{"href":"http:\/\/bauclassroom.com\/info\/wp-json\/wp\/v2\/posts"}],"about":[{"href":"http:\/\/bauclassroom.com\/info\/wp-json\/wp\/v2\/types\/post"}],"author":[{"embeddable":true,"href":"http:\/\/bauclassroom.com\/info\/wp-json\/wp\/v2\/users\/1"}],"replies":[{"embeddable":true,"href":"http:\/\/bauclassroom.com\/info\/wp-json\/wp\/v2\/comments?post=7143"}],"version-history":[{"count":1,"href":"http:\/\/bauclassroom.com\/info\/wp-json\/wp\/v2\/posts\/7143\/revisions"}],"predecessor-version":[{"id":7144,"href":"http:\/\/bauclassroom.com\/info\/wp-json\/wp\/v2\/posts\/7143\/revisions\/7144"}],"wp:attachment":[{"href":"http:\/\/bauclassroom.com\/info\/wp-json\/wp\/v2\/media?parent=7143"}],"wp:term":[{"taxonomy":"category","embeddable":true,"href":"http:\/\/bauclassroom.com\/info\/wp-json\/wp\/v2\/categories?post=7143"},{"taxonomy":"post_tag","embeddable":true,"href":"http:\/\/bauclassroom.com\/info\/wp-json\/wp\/v2\/tags?post=7143"}],"curies":[{"name":"wp","href":"https:\/\/api.w.org\/{rel}","templated":true}]}}