{"id":7199,"date":"2020-10-05T19:41:47","date_gmt":"2020-10-05T19:41:47","guid":{"rendered":"http:\/\/bauclassroom.com\/info\/?p=7199"},"modified":"2020-09-28T20:05:10","modified_gmt":"2020-09-28T20:05:10","slug":"rencontres-cluj-2","status":"publish","type":"post","link":"http:\/\/bauclassroom.com\/info\/2020\/10\/05\/rencontres-cluj-2\/","title":{"rendered":"Rencontres Cluj"},"content":{"rendered":"<p>Pour toute information Cette adresse e-mail est prot\u00e9g\u00e9e contre les robots spammeurs. Vous devez activer le JavaScript pour la visualiser. <img decoding=\"async\" src=\"http:\/\/www.usamvcluj.ro\/eng\/images\/romania.png\" alt=\"rencontres cluj\" align=\"right\">, sur ziuadecj.realitatea.net consult\u00e9 le 4 septembre 2019 Ce site utilise Akismet pour r\u00e9duire les ind\u00e9sirables.. <img decoding=\"async\" src=\"http:\/\/www.faridfairuz.ro\/files\/gimgs\/adk_talk_400.jpg\" alt=\"rencontres cluj\" align=\"center\"> Au cours de cette comp\u00e9tition, nous avons pay\u00e9 le prix fort pour apprendre Rennes va surement franchir un cap en Ligue Europa.   Ioan Sb\u00e2rciu, Recteur de lUniversit\u00e9 dArt et Design de Cluj-Napoca D\u00e9passant le cadre des rencontres traditionnelles entre acteurs des territoires, cet \u00e9v\u00e9nement r\u00e9unira une cinquantaine de participants de France et de Roumanie r\u00e9partis en \u00e9quipes. Il d\u00e9bouchera sur des propositions de projets qui pourraient inspirer les d\u00e9cideurs locaux dans la conception de nouvelles strat\u00e9gies pour acc\u00e9l\u00e9rer la transition \u00e9cologique. Pour ce faire, chaque \u00e9quipe disposera denviron 24h et b\u00e9n\u00e9ficiera des conseils de mentors experts en d\u00e9veloppement durable et territorial. Marius Vintila 09.01.1982 ROM Les deux autres finales de la coupe Intertoto : Si vous sentez que vous avez une certaine d\u00e9pendance, essayez vous aussi la d\u00e9connexion. 24H, 48H, une semaine, un mois Des milliers de g\u00e9n\u00e9rations navaient pas Internet avant nous, ils ont bien surv\u00e9cu. Deux mois et demi apr\u00e8s sa derni\u00e8re victoire au Roazhon Park contre le PSG le 16 ao\u00fbt, Rennes va devoir effectivement \u00e9lever son niveau de jeu pour sen sortir. Dabord ce soir face \u00e0 Cluj, puis dimanche 15h contre le Toulouse de Kombouar\u00e9. Deux \u00e9quipes qui vont mettre de lintesit\u00e9 physique dans le match. Franchement Michael, ta plume a chang\u00e9. Je ne sais pas si ce sont tes derni\u00e8res lectures qui ont fait \u00e7a certainement, mais quel plaisir de te lire. Comme tr\u00e8s tr\u00e8s souvent je ne peux qu\u00eatre daccord avec tous ce que tu dis : je suis en train de d\u00e9vorer lalchimiste et ca me procure un boost \u00e9norme et lenvie de continuer \u00e0 vivre mes r\u00eaves : Je viens dapprendre que pour le match de demain, le rck aurait peut \u00eatre pr\u00e9vu des banderoles comme le font certains groupe de supporters dautres club actuellement linformation est-elle vrai? Saga des jumelages ML \u00e9pisode 1 : Cluj-Napoca Brian\u00e7on  <img decoding=\"async\" src=\"http:\/\/www.lyc-altitude.ac-aix-marseille.fr\/spip\/sites\/www.lyc-altitude\/spip\/IMG\/jpg\/dsc04683.jpg\" alt=\"rencontres cluj\" align=\"left\"> que pour les prolongations, et \u00e9galement deux fois 90 minutes face aux Le Stade rennais et Julien St\u00e9phan auront une belle occasion de calmer les critiques d\u00e8s cette semaine avec la r\u00e9ception du CFR Cluj. Dernier du groupe E avec un petit point, le club de Rennes aura \u00e0 coeur de simposer face au club roumain jeudi soir et tenter de d\u00e9crocher sa premi\u00e8re victoire en Ligue Europa cette saison. Compte-rendu de la table-ronde sur la FinTech organis\u00e9e \u00e0 Bucarest le 13 juin 2019 dans le cadre de la Saison France-Roumanie. Warning : you need to active javascript to access all features. LAjax \u00e9chappe \u00e0 la d\u00e9faite contre lAPOEL, Prague gagne \u00e0 Cluj Premi\u00e8re journ\u00e9e, 19 septembre \u00e0 18h55 : Rennes-Celtic.<\/p>\n","protected":false},"excerpt":{"rendered":"<p>rencontres cluj<\/p>\n","protected":false},"author":1,"featured_media":0,"comment_status":"closed","ping_status":"closed","sticky":false,"template":"","format":"standard","meta":{"footnotes":""},"categories":[1],"tags":[],"_links":{"self":[{"href":"http:\/\/bauclassroom.com\/info\/wp-json\/wp\/v2\/posts\/7199"}],"collection":[{"href":"http:\/\/bauclassroom.com\/info\/wp-json\/wp\/v2\/posts"}],"about":[{"href":"http:\/\/bauclassroom.com\/info\/wp-json\/wp\/v2\/types\/post"}],"author":[{"embeddable":true,"href":"http:\/\/bauclassroom.com\/info\/wp-json\/wp\/v2\/users\/1"}],"replies":[{"embeddable":true,"href":"http:\/\/bauclassroom.com\/info\/wp-json\/wp\/v2\/comments?post=7199"}],"version-history":[{"count":1,"href":"http:\/\/bauclassroom.com\/info\/wp-json\/wp\/v2\/posts\/7199\/revisions"}],"predecessor-version":[{"id":7200,"href":"http:\/\/bauclassroom.com\/info\/wp-json\/wp\/v2\/posts\/7199\/revisions\/7200"}],"wp:attachment":[{"href":"http:\/\/bauclassroom.com\/info\/wp-json\/wp\/v2\/media?parent=7199"}],"wp:term":[{"taxonomy":"category","embeddable":true,"href":"http:\/\/bauclassroom.com\/info\/wp-json\/wp\/v2\/categories?post=7199"},{"taxonomy":"post_tag","embeddable":true,"href":"http:\/\/bauclassroom.com\/info\/wp-json\/wp\/v2\/tags?post=7199"}],"curies":[{"name":"wp","href":"https:\/\/api.w.org\/{rel}","templated":true}]}}