{"id":721,"date":"2020-09-19T21:29:04","date_gmt":"2020-09-19T21:29:04","guid":{"rendered":"http:\/\/bauclassroom.com\/info\/?p=721"},"modified":"2020-09-19T04:15:33","modified_gmt":"2020-09-19T04:15:33","slug":"rencontre-amitie-charente","status":"publish","type":"post","link":"http:\/\/bauclassroom.com\/info\/2020\/09\/19\/rencontre-amitie-charente\/","title":{"rendered":"Rencontre Amitie Charente"},"content":{"rendered":"<p>Un feu dherbe mal surveill\u00e9 est \u00e0 lorigine du sinistre. Selon les mots de Dominique Grellier, chef du centre dincendie et de secours dArs-en-R\u00e9, une n\u00e9gligence est \u00e0 lorigine de lincendie survenu dimanche 17 mai, en fin de matin\u00e9e, rue Chanzy \u00e0 Ars-en-R\u00e9, non loin de l\u00e9cole du village. Quelques minutes dabsence de la part du Elle \u00e9tait attendue, esp\u00e9r\u00e9e, parfois essentielle ; pour certains, la r\u00e9ouverture des plages est devenue au fil du confinement une r\u00e9compense, une finalit\u00e9, un d\u00fb. Nathalie, technicienne en hygi\u00e8ne et s\u00e9curit\u00e9, lexplique simplement : Ma plage me manque, elle fait partie int\u00e9grante de nos vies. Ainsi, la retrouver apr\u00e8s 55 jours dabsence, serait pour certains comme revoir un Je souhaite \u00eatre inform\u00e9 des \u00e9v\u00e9nements RCF et des offres de la boutique. Envie d\u00e9largir le cercle de mes amis et partager les exp\u00e9riences de la vie. Mission en Egypte du groupe damiti\u00e9 : p\u00f4le de stabilit\u00e9 indispensable dans la r\u00e9gion, l\u00c9gypte doit r\u00e9ussir sa transition \u00e9conomique et politique Bonjour, on mappelle manu et je suis en qu\u00eate dune histoire s\u00e9rieuse. Les plans dun soir, tr\u00e8s peu pour moi, car je souhaite nouer une relation construite, avec une personne qui d\u00e9sire b\u00e2tir un projet de vie \u00e0 deux. Amateur de balade, de sport et de fl\u00e2neries dans les parcs, je cherche la personne avec qui partager ces plaisirs! Si cette projection dans le futur tattire et que toi aussi tu aimerais voir plus loin, alors \u00e9cris moi, je suis sympa parait-il, souriant et un brin r\u00eaveur mais s\u00e9rieux. Mon caract\u00e8re se situe entre celui de lagneau et celui du cochon, ce qui fait un mix int\u00e9ressant! Mais assez parl\u00e9 de moi. Parle-moi de toi! A tr\u00e8s vite Manu Depuis la rentr\u00e9e de septembre, la structure Les Poissons dans leau a mis en place des ateliers sp\u00e9cifiques et des soir\u00e9es \u00e0 th\u00e8mes ouverts aux parents du jardin denfants et de la petite section de l\u00e9cole maternelle de La Flotte. Conviviaux et privil\u00e9gi\u00e9s, les ateliers du mercredi matin, organis\u00e9s par petits groupes toutes les six semaines, favorisent  <img decoding=\"async\" src=\"http:\/\/images.charentelibre.fr\/2012\/05\/19\/5645d6377971bb340f51d026\/golden\/1000x625\/pbune-histoire-de-rencontre-et-d-amitie-bphoto-cl-p.jpg\" alt=\"rencontre amitie charente\" align=\"left\"> Annonce : bonjour je recherche une femme sincere est franche La d\u00e9couverte et linitiation aux activit\u00e9s aquatiques telles que le water-polo, la nage avec palmes, le sauvetage, et la nage en eau libre. Couple elle 45 ans lui 46 ans recherche pour le plaisr femmes pour triolisme, trav trans, relation suivie ou relation d un soir suivant le feeling. On vous recois ou nous deplacons premier pr\u00e9sident premier tr\u00e9sorier,,, premi\u00e8re direction nationale <img decoding=\"async\" src=\"http:\/\/www.tdacamas.cf\/media\/catalog\/product\/cache\/1\/small_image\/375x500\/9df78eab33525d08d6e5fb8d27136e95\/p\/o\/pompe_doseuse_d25_gl2_dosatron.jpg\" alt=\"rencontre amitie charente\" align=\"right\">  Ils organisent 3 concours de p\u00eache par an de niveau d\u00e9partemental et r\u00e9gional. Je suis \u00e0 la recherche de discussion, jai besoin de retrouver une certaine confiance en moi. Et il me semble que la discussion peut \u00eatre un bon moyen de faire des connaissances.  A la veille de la Toussaint-consid\u00e9r\u00e9e comme tr\u00e8s accidentog\u00e8ne-les forces de lordre \u00e9taient sur les principaux axes du d\u00e9partement pour rappeler les bonnes pratiques. Cest lune des p\u00e9riodes de lann\u00e9e redout\u00e9e par les autorit\u00e9s. Traditionnellement, \u00e0 loccasion du week-end de la Toussaint, les accidents de la circulation sont nombreux. Les comportements imprudents des Le parcours complet du Tour de France 2020 a \u00e9t\u00e9 pr\u00e9sent\u00e9 mardi 15 octobre au Palais des Congr\u00e8s \u00e0 Paris. Comme pressenti, le peloton passera trois jours en Charente-Maritime avec une \u00e9tape entre Ol\u00e9ron et R\u00e9. Rendez-vous sera bien donn\u00e9 aux amateurs de la Grande Boucle les 6, 7 et 8 juillet prochains en Charente-Maritime. Mardi 15 octobre, La protection des cultures et vignes contre les d\u00e9g\u00e2ts par les gibiers. Des soir\u00e9es sp\u00e9ciales qui associent un spectacle vivant musical et un film sur un th\u00e8me commun en tant que participant \u00e0 lorganisation de Cin\u00e9 passion 17. Par une fin de journ\u00e9e hivernale, le 10 janvier, Maritaises et Maritais se sont press\u00e9s vers la m\u00e9diath\u00e8que o\u00f9 Delphine Chartier professeur danglais et Olivier Borne traducteur danglais et musicien \u00e0 ses heures les attendaient. A l\u00e9tage, face \u00e0 un public attentif et formant un groupe intimiste, Delphine a cont\u00e9 lhistoire du Petit chaperon rouge qui traverse Lobjectif est d\u0153uvrer \u00e0 lanimation et \u00e0 la valorisation du patrimoine li\u00e9 au chemin de Saint-Jacques de Compostelle en coh\u00e9sion avec toute personne, service ou association poursuivant des buts semblables. Lassociation est \u00e0 l\u00e9coute des p\u00e8lerins de passage et offre la possibilit\u00e9 de les accueillir dans des familles en compl\u00e9ment de LAbbaye Royale. Nous accueillons actuellement une douzaine de jeunes, une vingtaine de licenci\u00e9s et quelques joueurs en loisir. <img decoding=\"async\" src=\"http:\/\/www.tvskpelsdagboken.cf\/wp-content\/uploads\/2018\/06\/DSCN18937-1.jpg\" alt=\"rencontre amitie charente\" align=\"right\"> Pour rendre hommage \u00e0 George Floyd, Afro-Am\u00e9ricain mort asphyxi\u00e9 par un policier aux \u00c9tats-Unis, un rassemblement \u00e9tait organis\u00e9 \u00e0 lappel du Comit\u00e9 rochelais du mouvement de la paix. Ils \u00e9taient une centaine \u00e0 se rassembler sur le port de La Rochelle, mardi 9 juin, pour rendre hommage \u00e0 George Floyd dont les obs\u00e8ques avaient lieu au.<\/p>\n","protected":false},"excerpt":{"rendered":"<p>rencontre amitie charente<\/p>\n","protected":false},"author":1,"featured_media":0,"comment_status":"closed","ping_status":"closed","sticky":false,"template":"","format":"standard","meta":{"footnotes":""},"categories":[1],"tags":[],"_links":{"self":[{"href":"http:\/\/bauclassroom.com\/info\/wp-json\/wp\/v2\/posts\/721"}],"collection":[{"href":"http:\/\/bauclassroom.com\/info\/wp-json\/wp\/v2\/posts"}],"about":[{"href":"http:\/\/bauclassroom.com\/info\/wp-json\/wp\/v2\/types\/post"}],"author":[{"embeddable":true,"href":"http:\/\/bauclassroom.com\/info\/wp-json\/wp\/v2\/users\/1"}],"replies":[{"embeddable":true,"href":"http:\/\/bauclassroom.com\/info\/wp-json\/wp\/v2\/comments?post=721"}],"version-history":[{"count":1,"href":"http:\/\/bauclassroom.com\/info\/wp-json\/wp\/v2\/posts\/721\/revisions"}],"predecessor-version":[{"id":722,"href":"http:\/\/bauclassroom.com\/info\/wp-json\/wp\/v2\/posts\/721\/revisions\/722"}],"wp:attachment":[{"href":"http:\/\/bauclassroom.com\/info\/wp-json\/wp\/v2\/media?parent=721"}],"wp:term":[{"taxonomy":"category","embeddable":true,"href":"http:\/\/bauclassroom.com\/info\/wp-json\/wp\/v2\/categories?post=721"},{"taxonomy":"post_tag","embeddable":true,"href":"http:\/\/bauclassroom.com\/info\/wp-json\/wp\/v2\/tags?post=721"}],"curies":[{"name":"wp","href":"https:\/\/api.w.org\/{rel}","templated":true}]}}