{"id":7247,"date":"2020-10-06T00:55:54","date_gmt":"2020-10-06T00:55:54","guid":{"rendered":"http:\/\/bauclassroom.com\/info\/?p=7247"},"modified":"2020-09-28T22:22:01","modified_gmt":"2020-09-28T22:22:01","slug":"rencontre-mediterraneenne-du-muscat-2","status":"publish","type":"post","link":"http:\/\/bauclassroom.com\/info\/2020\/10\/06\/rencontre-mediterraneenne-du-muscat-2\/","title":{"rendered":"Rencontre M\u00e9diterran\u00e9enne Du Muscat"},"content":{"rendered":"<p>Des canaux qui quadrillent la ville, le Mont Saint Clair offrant un panorama exceptionnel jusquaux Pyr\u00e9n\u00e9es, un port de p\u00eache en centre ville, 12 km de plages de sable fin, assur\u00e9ment S\u00e8te dispose de tous les atouts pour une d\u00e9couverte typique et surprenante.. Toute lactu de Frontignan, commune du d\u00e9partement de lH\u00e9rault, en Occitanie. Situ\u00e9e \u00e0 7 km de S\u00e8te, la ville est class\u00e9e Station de tourisme et abri  Rencontre avec Thomas Pujol, co-fondateur de la marque Bemed \u00e0 Lourdes <img decoding=\"async\" src=\"http:\/\/www.vinsduroussillon.com\/photos\/datPhoto2_4be3dfe231ae6_N.jpg\" alt=\"rencontre m\u00e9diterran\u00e9enne du muscat\" align=\"right\"> Sauvignon ont \u00e9t\u00e9 implant\u00e9s ainsi que dautres plus originaux tels que la.. Alors nous sommes sur le stand J229 venez nous voir! Le maire sortant a pr\u00e9sent\u00e9 hier son programme sur la sant\u00e9 qui passe par la signature du Contrat Local Sant\u00e9, le projet Montpellier Capitale sant\u00e9 et la r\u00e9novation du CHU. \u00c0 partir de, plac\u00e9s sous licence fran\u00e7aise, les vins de Samos acquirent un renom international. Pour asseoir linfluence de la France, dans, capitale de l\u00eele de Samos, un bureau postal fran\u00e7ais avait \u00e9t\u00e9 ouvert entre et. Il utilisa des timbres de France jusquen, puis des timbres surcharg\u00e9s Vathy. Les Commerces du Carr\u00e9 de Perpignan-Centre font la f\u00eate autour du nouveau Muscat de No\u00ebl Cette manifestation sera accompagn\u00e9e d une grande d\u00e9gustation de pa\u00eblla et fid\u00e9ua g\u00e9antes, ce samedi 30 novembre 2013, de 11h \u00e0 16h, place de la R\u00e9publique, \u00e0 Perpignan. Cette op\u00e9ration est en collaboration du CIVR Comit\u00e9 Interprofessionnels des Vins du Roussillon et les partenaires suivants: Ets Colls.. F\u00eate des p\u00e8res cest le 21 juin : nous sommes pr\u00eats \u00e0 vous accueillir avec de nombreuses id\u00e9es cadeaux Attention Originale pour Papa <img decoding=\"async\" src=\"http:\/\/www.tunemalta.com\/wp-content\/uploads\/2014\/12\/635025728124152500.jpg\" alt=\"rencontre m\u00e9diterran\u00e9enne du muscat\" align=\"right\">-\u00c0 l\u00e9tranger si les fronti\u00e8res sont rouvertes Le soleil m\u00e9diterran\u00e9en, les sols calcaires et les garrigues lui donnent puissance et harmonie. Une bouche \u00e9quilibr\u00e9e et structur\u00e9e par des tanins feutr\u00e9s, serr\u00e9s et toujours \u00e9pic\u00e9. Un serveur de bar a \u00e9t\u00e9 bless\u00e9 \u00e0 coups de couteau, mercredi soir, \u00e0 Palavas-les-Flots. Ses jours ne sont pas en danger. Lagresseur est en fuite. Informations COVID-19 : Les livraisons sont limit\u00e9es \u00e0 deux colis pour les d\u00e9partements 67 et 68. Les livraisons en France m\u00e9tropolitaine sont perturb\u00e9es et peuvent engendrer un allongement des d\u00e9lais de livraison. Rendez-vous sur le pour suivre en direct les modalit\u00e9s de livraison. <img decoding=\"async\" src=\"http:\/\/www.plaine-haute.com\/img\/tram\/tram03.jpg\" alt=\"rencontre m\u00e9diterran\u00e9enne du muscat\" align=\"right\"> Nous avions appr\u00e9ci\u00e9 lancienne \u00e9quipe et sommes terriblement d\u00e9\u00e7us par la nouvelle : aucun accueil service d\u00e9plorable et nous ne parlerons pas de lattente plat servi 2 h apr\u00e8s arriv\u00e9e sans explications ni excuses. Et cest pour \u00e7a que lAmandier a \u00e9t\u00e9 produite, pour faire des vins simples de plaisir. 4 comments on Le combat de la chandeleur : muscat du Cap Corse vs cidre de glace Parmi les immanquables, la Maison Noilly Prat, sur le port de Marseillan, propose une visite guid\u00e9e de ce lieu unique o\u00f9 s\u00e9labore le premier vermouth fran\u00e7ais. On appr\u00e9ciera aussi bien la beaut\u00e9 des lieux que la qualit\u00e9 de ce breuvage le favori de James Bond, quil est m\u00eame possible de d\u00e9guster en concoctant son propre cocktail. Les amateurs de muscat ne manqueront pas, eux, la visite dun caveau sp\u00e9cialis\u00e9, rendant ainsi hommage \u00e0 Rabelais qui venait, en son temps, au c\u0153ur de larchipel de Thau pour savourer ce d\u00e9licat nectar. En bref, cest un bapt\u00eame du feu tr\u00e8s encourageant.  Il donne un jus pulpeux, alliant maturit\u00e9 et fra\u00eecheur. Les tanins sont soyeux avec un d\u00e9veloppement des ar\u00f4mes de fruits m\u00fbrs et une belle persistance. Une semaine apr\u00e8s sa victoire \u00e0 Marseille dans le Grand Prix La Marseillaise, Beno\u00eet Cosnefroy, Fervents d\u00e9fenseurs du Made in Vaucluse, nos engagements visent \u00e9galement \u00e0 soutenir le tissu \u00e9conomique local avec de nombreux partenaires r\u00e9gionaux. Dans cette perspective, Rhon\u00e9a Tourisme valorise ainsi lidentit\u00e9 historique et culturelle du territoire autour de rencontres authentiques alliant le vin, la vigne et nos terroirs.  Maintenant je suis tr\u00e8s favorable \u00e0 la construction du grand barrage de Gibraltar, cela donnerai de l\u00e9nergie Electrique \u00e1 faible co\u00fbt financier et renouvellable ACTUALIT\u00c9S : FRONTIGNAN-\u00c0 la rencontre des SudsFestival du muscat de Frontignan-Le bal\u00e8ti des musica\u00efres.<\/p>\n","protected":false},"excerpt":{"rendered":"<p>rencontre m\u00e9diterran\u00e9enne du muscat<\/p>\n","protected":false},"author":1,"featured_media":0,"comment_status":"closed","ping_status":"closed","sticky":false,"template":"","format":"standard","meta":{"footnotes":""},"categories":[1],"tags":[],"_links":{"self":[{"href":"http:\/\/bauclassroom.com\/info\/wp-json\/wp\/v2\/posts\/7247"}],"collection":[{"href":"http:\/\/bauclassroom.com\/info\/wp-json\/wp\/v2\/posts"}],"about":[{"href":"http:\/\/bauclassroom.com\/info\/wp-json\/wp\/v2\/types\/post"}],"author":[{"embeddable":true,"href":"http:\/\/bauclassroom.com\/info\/wp-json\/wp\/v2\/users\/1"}],"replies":[{"embeddable":true,"href":"http:\/\/bauclassroom.com\/info\/wp-json\/wp\/v2\/comments?post=7247"}],"version-history":[{"count":1,"href":"http:\/\/bauclassroom.com\/info\/wp-json\/wp\/v2\/posts\/7247\/revisions"}],"predecessor-version":[{"id":7248,"href":"http:\/\/bauclassroom.com\/info\/wp-json\/wp\/v2\/posts\/7247\/revisions\/7248"}],"wp:attachment":[{"href":"http:\/\/bauclassroom.com\/info\/wp-json\/wp\/v2\/media?parent=7247"}],"wp:term":[{"taxonomy":"category","embeddable":true,"href":"http:\/\/bauclassroom.com\/info\/wp-json\/wp\/v2\/categories?post=7247"},{"taxonomy":"post_tag","embeddable":true,"href":"http:\/\/bauclassroom.com\/info\/wp-json\/wp\/v2\/tags?post=7247"}],"curies":[{"name":"wp","href":"https:\/\/api.w.org\/{rel}","templated":true}]}}