{"id":7311,"date":"2020-10-06T18:47:23","date_gmt":"2020-10-06T18:47:23","guid":{"rendered":"http:\/\/bauclassroom.com\/info\/?p=7311"},"modified":"2020-09-29T00:56:01","modified_gmt":"2020-09-29T00:56:01","slug":"mecenat-et-management-une-rencontre-insolite-2","status":"publish","type":"post","link":"http:\/\/bauclassroom.com\/info\/2020\/10\/06\/mecenat-et-management-une-rencontre-insolite-2\/","title":{"rendered":"M\u00e9c\u00e9nat Et Management Une Rencontre Insolite"},"content":{"rendered":"<p>2 octobre : participez \u00e0 la conf\u00e9rence de lancement de l\u00e9tude Mutations soci\u00e9tales et nouvelles comp\u00e9tences : quels impacts sur les organisations? Une Forteresse du XVIe si\u00e8cle situ\u00e9e entre les \u00e9tangs de Salses et les Corbi\u00e8res. <img decoding=\"async\" src=\"http:\/\/pbs.twimg.com\/profile_background_images\/325206825\/who_are_yo.jpg\" alt=\"m\u00e9c\u00e9nat et management une rencontre insolite\" align=\"left\"> Donnat, O Dir. 2011, Les pratiques culturelles des Fran\u00e7ais. Paris, Minist\u00e8re de la Culture et de la Communication, D\u00e9partement des \u00e9tudes, de la prospective et des statistiques.  Bourdieu, P. ; Haacke, H. 1994, Libre-\u00c9change, Paris, SeuilLes Presses du R\u00e9el. \u039c\u03bf\u03bd\u03b1\u03c3\u03c4\u03b7\u03c1\u03b9\u03b1\u03ba\u03b5\u03c2 \u03c3\u03c5\u03bd\u03c4\u03b1\u03b3\u03b5\u03c2 \u03b2\u03b9\u03b2\u03bb\u03b9\u03bf \u0391\u03c1. \u0388\u03c1\u03b3\u03bf\u03c5: \u03bc\u03b1\u03c1\u03b9\u03b1\u03bd\u03bf \u03bd\u03c4\u03b9 \u03b2\u03b1\u03b9\u03bf \u03b5\u03bb\u03bb\u03b1\u03b4\u03b1 13275  35Nul doute que cette convention avec le Louvre soit un atout qui favorise les Sabanci. Mais les r\u00e8gles qui sappliquent dans ce domaine des collections-donations-fondations de mus\u00e9e se diffusent rapidement par la concurrence et se transforment en normes contraignantes de conduite pour tous ceux qui partagent le m\u00eame terrain. Gageons que dautres mus\u00e9es nationaux fran\u00e7ais exploreront les opportunit\u00e9s de nouvelles ressources financi\u00e8res et de conventions avec les mus\u00e9es priv\u00e9s dIstanbul, infl\u00e9chissant la politique des grands m\u00e9c\u00e8nes turcs, suscitant des conventions de pr\u00eats d\u0153uvres, dorganisation dexpositions avec ces \u00e9tablissements stambouliotes \u00e9mergents. 45Lhistoire de ce mus\u00e9e est \u00e9difiante, elle raconte l\u00e9volution des relations entre sph\u00e8res priv\u00e9es et publiques dans le domaine des arts et de la culture. Les Eczacibasi avaient tent\u00e9, d\u00e8s la fin des ann\u00e9es 1980, de transformer en mus\u00e9e dart contemporain les locaux en friche dune ancienne usine textile, la Fezhane, situ\u00e9e sur les bords de la Corne dOr ; la reconversion avait \u00e9t\u00e9 confi\u00e9e \u00e0 Gae Aulenti, larchitecte du mus\u00e9e dOrsay. Mais la municipalit\u00e9 CHP Cumhuriyet Halk Partisi Parti r\u00e9publicain du peuple : parti politique \u00e0 tradition \u00e9tatiste cr\u00e9\u00e9 par la bureaucratie civile d\u00e8s les premi\u00e8res d\u00e9cennies de la R\u00e9publique navait pas d\u00e9livr\u00e9 les autorisations n\u00e9cessaires. Quelques mois plus tard le leader du parti islamo-conservateur, Recep Tayyip Erdogan Premier ministre depuis 2003, \u00e9tait \u00e9lu maire dIstanbul. Bien quissu de la mouvance islamiste, il soutint le grand projet dun mus\u00e9e dart contemporain sur le site de lancien port, demandant en contrepartie, davancer de cinq mois linauguration, initialement pr\u00e9vue pour d\u00e9but 2005. La c\u00e9r\u00e9monie se d\u00e9roula donc quelques jours avant le17 d\u00e9cembre 2004, date \u00e0 laquelle la Commission europ\u00e9enne devait d\u00e9cider de louverture des n\u00e9gociations dadh\u00e9sion de la Turquie \u00e0 lUnion europ\u00e9enne. On projeta en direct sur les murs blancs du mus\u00e9e les messages de f\u00e9licitations de Jacques Chirac, Tony Blair et Gehrard Schr\u00f6der saluant l\u00e9v\u00e9nement comme un t\u00e9moignage de la vocation occidentale et europ\u00e9enne de la Turquie contemporaine. Le Premier ministre a imm\u00e9diatement per\u00e7u le sens symbolique de ce mus\u00e9e, confiait B\u00fclent Eczacibasi dans une interview \u00e0 la presse. \u00c0 un moment o\u00f9 nous essayons de montrer \u00e0 lUnion europ\u00e9enne que nous sommes culturellement des occidentaux autant que des orientaux, ceci en est une importante illustration.  De son c\u00f4t\u00e9 LP Promotion qui est entr\u00e9 lan dernier dans le top 20 des promoteurs fran\u00e7ais construit 2000 logements par an et est implant\u00e9 \u00e0 Toulouse, dans le bassin dArcachon, Bordeaux et plus r\u00e9cemment Paris. Il r\u00e9alise 250M de chiffre daffaires et emploie 170 personnes. Ses chantiers ont g\u00e9n\u00e9r\u00e9 3400 emplois dans la construction sur la derni\u00e8re ann\u00e9e. Le 13 septembre, la 5e \u00e9dition pr\u00e9sid\u00e9e par Jean-Marie Pelt, pr\u00e9sident de lInstitut Europ\u00e9en dEcologie, a distingu\u00e9, en partenariat avec le Programme des <img decoding=\"async\" src=\"http:\/\/www.meniiscus.ga\/fileadmin\/_processed_\/csm_images_400159899f.jpg\" alt=\"m\u00e9c\u00e9nat et management une rencontre insolite\" align=\"center\"> 1 Toute personne a droit \u00e0 l\u00e9ducation. L\u00e9ducation doit \u00eatre gratuite, au moins en ce qui concerne lenseignement \u00e9l\u00e9mentaire et fondamental. Lenseignement technique et professionnel doit \u00eatre g\u00e9n\u00e9ralis\u00e9 ; lacc\u00e8s aux \u00e9tudes sup\u00e9rieures doit \u00eatre ouvert en pleine \u00e9galit\u00e9 \u00e0 tous en fonction de leurs m\u00e9rites. Remise des Prix Energies Citoyennes : 12 laur\u00e9ats r\u00e9compens\u00e9s pour leurs strat\u00e9gies \u00e9nerg\u00e9tiques Philanthropia by Hopening, acteur de la communaut\u00e9 du fundraising : Donec aliquam diam lacinia nulla fringilla auctor. <img decoding=\"async\" src=\"http:\/\/www.le-periscope.info\/wp-content\/uploads\/2011\/01\/7-ASCompta.jpg\" alt=\"m\u00e9c\u00e9nat et management une rencontre insolite\" align=\"center\"> R\u00e9f\u00e9rencez votre d\u00e9marche sur la carte de France des Agenda 21 scolaires! \u03b4\u03b9\u03b1\u03ba\u03bf\u03c3\u03bc\u03b7\u03c4\u03b9\u03ba\u03b1 \u03ba\u03bf\u03c5\u03bc\u03c0\u03b9\u03b1 \u03c4\u03bf\u03b9\u03c7\u03bf\u03c5 \u0391\u039d\u03a4\u0399\u0397\u039b\u0399\u0391\u039a\u039f SPREY CHICCO SPF50 150ML \u03b1\u03bd\u03c4\u03b9\u03bb\u03ae\u03c6\u03b8\u03b7\u03ba\u03b1 \u03c3\u03c4\u03b1 \u03b1\u03b3\u03b3\u03bb\u03b9\u03ba\u03b1 PL1.152005100 \u03c0\u03b1\u03b9\u03c7\u03bd\u03b9\u03b4\u03b9\u03b1 \u03bc\u03bf\u03c5\u03c3\u03b9\u03ba\u03b7\u03c2 \u03b2\u03b9\u03bf\u03bb\u03b9 CHICCO \u03b7\u03c4\u03b9\u03c2 \u03ba\u03bb\u03b9\u03c3\u03b7 \u03b1\u03c1\u03c7\u03b1\u03b9\u03b1 CHICCO A lire sans mod\u00e9ration, en ce week-end symbolique de vote des citoyens de France. \u0394\u03b9\u03b1\u03c7\u03b5\u03af\u03c1\u03b9\u03c3\u03b7 \u03ba\u03b9\u03bd\u03b4\u03cd\u03bd\u03c9\u03bd \u03ba\u03b1\u03b9 \u03b5\u03c3\u03c9\u03c4\u03b5\u03c1\u03b9\u03ba\u03cc\u03c2 \u03ad\u03bb\u03b5\u03b3\u03c7\u03bf\u03c2 \u03a0\u03ac\u03c1\u03b5 \u03c0\u03c1\u03bf\u03c3\u03c6\u03bf\u03c1\u03ad\u03c2 \u03b4\u03c9\u03c1\u03b5\u03ac\u03bd Mais aujourdhui nos soci\u00e9t\u00e9s sont domin\u00e9es par le culte de lurgence au m\u00e9pris de la prise en compte du long terme pourtant si n\u00e9c En France, lart a longtemps \u00e9t\u00e9 une affaire dEtat. Mais limportance grandissante du m\u00e9c\u00e9nat dentreprise a chang\u00e9 la donne. Est-ce par amour de lart que des soci\u00e9t\u00e9s pourtant port\u00e9es sur la rentabilit\u00e9 de leurs investissements se montrent si g\u00e9n\u00e9reuses? LH2, pour le Comit\u00e9 21, interroge les Fran\u00e7ais sur les clefs dune vie plus heureuse Sept villes fran\u00e7aises se disputent le titre pour 2013 : Lyon, Marseille, Bordeaux, Nice, Saint-Etienne, Strasbourg, Toulouse. Ce titre est loccasion pour les villes de changer dimage, dobtenir une reconnaissance internationale. En 2004, 700 000 personnes ont rendu visite \u00e0 Lille, et trois ans plus tard, Fran\u00e7ois Pinault y exposait pour la premi\u00e8re fois en France une partie de ses collections. Sur lint\u00e9r\u00eat, pour une ville, d\u00eatre \u00e9lue capitale europ\u00e9enne de la culture, voir aussi M. Miles, Cities and Cultures, op Cit.<\/p>\n","protected":false},"excerpt":{"rendered":"<p>m\u00e9c\u00e9nat et management une rencontre insolite<\/p>\n","protected":false},"author":1,"featured_media":0,"comment_status":"closed","ping_status":"closed","sticky":false,"template":"","format":"standard","meta":{"footnotes":""},"categories":[1],"tags":[],"_links":{"self":[{"href":"http:\/\/bauclassroom.com\/info\/wp-json\/wp\/v2\/posts\/7311"}],"collection":[{"href":"http:\/\/bauclassroom.com\/info\/wp-json\/wp\/v2\/posts"}],"about":[{"href":"http:\/\/bauclassroom.com\/info\/wp-json\/wp\/v2\/types\/post"}],"author":[{"embeddable":true,"href":"http:\/\/bauclassroom.com\/info\/wp-json\/wp\/v2\/users\/1"}],"replies":[{"embeddable":true,"href":"http:\/\/bauclassroom.com\/info\/wp-json\/wp\/v2\/comments?post=7311"}],"version-history":[{"count":1,"href":"http:\/\/bauclassroom.com\/info\/wp-json\/wp\/v2\/posts\/7311\/revisions"}],"predecessor-version":[{"id":7312,"href":"http:\/\/bauclassroom.com\/info\/wp-json\/wp\/v2\/posts\/7311\/revisions\/7312"}],"wp:attachment":[{"href":"http:\/\/bauclassroom.com\/info\/wp-json\/wp\/v2\/media?parent=7311"}],"wp:term":[{"taxonomy":"category","embeddable":true,"href":"http:\/\/bauclassroom.com\/info\/wp-json\/wp\/v2\/categories?post=7311"},{"taxonomy":"post_tag","embeddable":true,"href":"http:\/\/bauclassroom.com\/info\/wp-json\/wp\/v2\/tags?post=7311"}],"curies":[{"name":"wp","href":"https:\/\/api.w.org\/{rel}","templated":true}]}}