{"id":7393,"date":"2020-10-06T00:09:29","date_gmt":"2020-10-06T00:09:29","guid":{"rendered":"http:\/\/bauclassroom.com\/info\/?p=7393"},"modified":"2020-09-29T03:57:05","modified_gmt":"2020-09-29T03:57:05","slug":"rencontre-caledonienne-2","status":"publish","type":"post","link":"http:\/\/bauclassroom.com\/info\/2020\/10\/06\/rencontre-caledonienne-2\/","title":{"rendered":"Rencontre Cal\u00e9donienne"},"content":{"rendered":"<p> Sur la c\u00f4te Est, la montagne est tr\u00e8s proche de la mer et expos\u00e9e aux aliz\u00e9s. Les versants, tr\u00e8s arros\u00e9s, comptent de nombreuses cascades et de vastes for\u00eats. Sur la frange littorale, des cocoteraies ont souvent \u00e9t\u00e9 am\u00e9nag\u00e9es. Je suis oblig\u00e9e dy aller pour des raisons m\u00e9dicales aie aie aie!! <img decoding=\"async\" src=\"http:\/\/www.agriculture.nc\/wp-content\/uploads\/2018\/02\/Metzdorf-1-07-02-2018-002.jpg\" alt=\"rencontre cal\u00e9donienne\" align=\"right\"> Et puis ici, on sest retrouv\u00e9 seuls dans une for\u00eat de cagous! 5, 6, 9 et m\u00eame s\u00fbrement plus! Un souvenir excellent o\u00f9 nous avons pu les observer chasser, sans quils ne se soucient de notre pr\u00e9sence. Cet oiseau, lembl\u00e8me de la Nouvelle Cal\u00e9donie, intrigue, avec ses longues pattes oranges, son crie plus proche de laboiement dun chien que du chant dune tourterelle et sa concentration impressionnante devant un ver! Cal\u00e9donie, nouvelle terre treiziste., Treize Magazine, n o 238, septembre 2002, p. 16 Une rencontre avec le chemin kanak les 3 grandes \u00e9tapes du parcours et de l\u00e9volution de lHomme, une animation de musique oc\u00e9anienne ainsi quun spectacle de danse sur le T\u00eaa Kanak\u00e9, h\u00e9ros du chemin Kanak. La construction dune case, en r\u00e9f\u00e9rence au symbole qu celle-ci repr\u00e9sente : symbole du gardien de la Parole. Titre : Journal de la soci\u00e9t\u00e9 des oc\u00e9anistes En bref : Ce mardi 2 octobre 2018, le groupe France T\u00e9l\u00e9visions et Nouvelle Cal\u00e9donie la 1\u00e8re organisent une discussion autour du th\u00e8me du m\u00e9dia citoyen ainsi que son r\u00f4le face \u00e0 l\u00e9ch\u00e9ance du 04 novembre 2018. Le public cal\u00e9donien est invit\u00e9 \u00e0 donner son avis, dans lamphi Guy Agniel de lUniversit\u00e9 de la Nouvelle-Cal\u00e9donie d\u00e8s 17h30. Une dose d\u00e9vasion tous les premiers jeudis du mois Maldives \u00e0 la Carte propose tous les types de voyages aux Maldives, en s\u00e9jour ou en croisi\u00e8re, pour des couples, des vacances en famille ou individuels amateurs de croisi\u00e8re. Une s\u00e9lection d\u00eeles et h\u00f4tels, fruit dun travail rigoureux, pour offrir le meilleur des Maldives.-lapplication LNC et ses magazines t\u00e9l\u00e9chargeable gratuitement sur smartphone et tablette et  Jean-R\u00e9mi BURAGLIO inique alors que ce nest pas un probl\u00e8me. Dans ce quartier dit de reconqu\u00eate r\u00e9publicaine au nord de Noum\u00e9a, le chef de lEtat a \u00e9voqu\u00e9 avec police et gendarmerie les enjeux du dispositif exp\u00e9rimental de la police de s\u00e9curit\u00e9 du quotidien PSQ. Je suis bien daccord avec toutes les nuances apport\u00e9es dans ces articles. Moi aussi, je suis native, partie \u00e0 18 ans en France pour y faire mes \u00e9tudes. Je suis maintenant professeur des \u00e9coles dans le Nord et my plais beaucoup. Si je devais retourner sur le Caillou, ce serait pour vivre bien loin de Noum\u00e9a, en tribu, dans la Nord de mon \u00eele que jai tant aim\u00e9e, o\u00f9 je nai pas connu de racisme, mais que des \u00e9changes et de belles amiti\u00e9s, dans une nature accueillante et que les M\u00e9lan\u00e9siens mont fait conna\u00eetre et aimer. \u00c0 l\u00e9cole primaire, on \u00e9tait tous m\u00e9lang\u00e9s et c\u00e9tait g\u00e9nial. Mes plus belles ann\u00e9es denfance et de vie cal\u00e9donienne, c\u00e9tait dans ce Nord, \u00e0 Koumac Et je remercie tous les gens de l\u00e9poque quelles que soient leurs origines, de mavoir permis de vivre la vraie Nouvelle-Cal\u00e9donie avec des liens magnifiques. Noum\u00e9a, cest bien autre chose, bien diff\u00e9rent et peu repr\u00e9sentatif je trouve du coeur humain de l\u00eele. Lamour de la recherche et de lenseignement mont destin\u00e9e \u00e0 poursuivre cette double vocation, et jai \u00e9t\u00e9 recrut\u00e9e comme Ma\u00eetre de Conf\u00e9rences en Cin\u00e9ma et Arts Num\u00e9riques \u00e0 lUniversit\u00e9 Montpellier III. Jy ai enseign\u00e9 avec passion pendant une d\u00e9cennie, donnant des cours magistraux centr\u00e9s sur les relations entre cr\u00e9ation visuelle, philosophie et soci\u00e9t\u00e9s. Mes cours magistraux danalyse filmique se sont en particulier centr\u00e9s sur lesth\u00e9tique du cin\u00e9ma post-digital, lusage de lIntelligence Artificielle au cin\u00e9ma, mais \u00e9galement la repr\u00e9sentation des IA, des cr\u00e9atures artificielles, et des r\u00e9alit\u00e9s virtuelles dans la fiction. Jai cr\u00e9\u00e9 des cours de sociologie du futur qui ont inspir\u00e9 des projets concrets r\u00e9alis\u00e9s par mes \u00e9tudiants lors dateliers de futurologie. Ces cours posaient d\u00e9j\u00e0 des questions fondamentales sur les technologies qui aujourdhui inspirent mes conf\u00e9rences sur lIA et la robotique, tout autant que les projets concrets sur lesquels je travaille dans la Silicon Valley. Vous pouvez partager vos connaissances en lam\u00e9liorant selon les recommandations des.  bonjour la vie femme c\u00e9libataire de 70 ans cherche homme pour rencontre s\u00e9rieuse <img decoding=\"async\" src=\"http:\/\/blog.appartager.com\/wp-content\/uploads\/2016\/03\/Femmes-et-colocation.jpg\" alt=\"rencontre cal\u00e9donienne\" align=\"center\"> Les anciens envoy\u00e9s avec le pasteur Bertrand Vergniol S\u00e9nat coutumier : rencontre avec l IPNC Institut Pasteur de Nouvelle Cal\u00e9donie <img decoding=\"async\" src=\"http:\/\/patricemorin.com\/local\/cache-vignettes\/L320xH201\/_dsc4009-eca35.jpg\" alt=\"rencontre cal\u00e9donienne\" align=\"right\"> Nous sommes de fervents adeptes de la francophonie. Langlais est une langue qui sappauvrit, le fran\u00e7ais cest la langue de la po\u00e9sie, de la diversit\u00e9 culturelle. Celles pr\u00e9c\u00e9demment collect\u00e9es afin d\u00e9valuer, de comprendre et de rendre compte de la fa\u00e7on dont vous Kotra Walles, 2009. Conversations cal\u00e9doniennes. Rencontre avec Jacques Lafleur, Pirae, Au vent des \u00eeles, 126 p. Pa\u00efta, situ\u00e9e dans la Province Sud, sur la c\u00f4te ouest fait partie du Grand Noum\u00e9a dont elle constitue la p\u00e9riph\u00e9rie rest\u00e9e la plus rurale. \u00c9tudiants Rencontre avec les associations d\u00e9tudiants cal\u00e9doniens Il sagissait juste de faire voter les 4\u00e8mes, pour la photo qui symbolise le mieux pour eux le monde daujourdhui, \u00e0 partir dune s\u00e9lection de photographies sur lactualit\u00e9 internationale des douze derniers mois de lann\u00e9e. Chaque photo avait quand m\u00eame donn\u00e9 lieu \u00e0 une discussion et \u00e0 d\u00e9bat sur le sujet dactualit\u00e9 repr\u00e9sent\u00e9 par la photo. Une rencontre a \u00e9t\u00e9 organis\u00e9e avec M. Terrien, photographe aux Nouvelles cal\u00e9doniennes. Ce dernier a racont\u00e9 son parcours professionnel et a r\u00e9pondu aux questions des jeunes.<\/p>\n","protected":false},"excerpt":{"rendered":"<p>rencontre cal\u00e9donienne<\/p>\n","protected":false},"author":1,"featured_media":0,"comment_status":"closed","ping_status":"closed","sticky":false,"template":"","format":"standard","meta":{"footnotes":""},"categories":[1],"tags":[],"_links":{"self":[{"href":"http:\/\/bauclassroom.com\/info\/wp-json\/wp\/v2\/posts\/7393"}],"collection":[{"href":"http:\/\/bauclassroom.com\/info\/wp-json\/wp\/v2\/posts"}],"about":[{"href":"http:\/\/bauclassroom.com\/info\/wp-json\/wp\/v2\/types\/post"}],"author":[{"embeddable":true,"href":"http:\/\/bauclassroom.com\/info\/wp-json\/wp\/v2\/users\/1"}],"replies":[{"embeddable":true,"href":"http:\/\/bauclassroom.com\/info\/wp-json\/wp\/v2\/comments?post=7393"}],"version-history":[{"count":1,"href":"http:\/\/bauclassroom.com\/info\/wp-json\/wp\/v2\/posts\/7393\/revisions"}],"predecessor-version":[{"id":7394,"href":"http:\/\/bauclassroom.com\/info\/wp-json\/wp\/v2\/posts\/7393\/revisions\/7394"}],"wp:attachment":[{"href":"http:\/\/bauclassroom.com\/info\/wp-json\/wp\/v2\/media?parent=7393"}],"wp:term":[{"taxonomy":"category","embeddable":true,"href":"http:\/\/bauclassroom.com\/info\/wp-json\/wp\/v2\/categories?post=7393"},{"taxonomy":"post_tag","embeddable":true,"href":"http:\/\/bauclassroom.com\/info\/wp-json\/wp\/v2\/tags?post=7393"}],"curies":[{"name":"wp","href":"https:\/\/api.w.org\/{rel}","templated":true}]}}