{"id":7429,"date":"2020-10-06T09:16:50","date_gmt":"2020-10-06T09:16:50","guid":{"rendered":"http:\/\/bauclassroom.com\/info\/?p=7429"},"modified":"2020-09-29T04:51:37","modified_gmt":"2020-09-29T04:51:37","slug":"site-senegalais-de-rencontre-2","status":"publish","type":"post","link":"http:\/\/bauclassroom.com\/info\/2020\/10\/06\/site-senegalais-de-rencontre-2\/","title":{"rendered":"Site Senegalais De Rencontre"},"content":{"rendered":"<p><img decoding=\"async\" src=\"http:\/\/revmikewilliams.org\/img\/7caba80db5280671b05cb74f8ea52f9c.jpg\" alt=\"site senegalais de rencontre\" align=\"center\"> Donald Cruise OBrien, Momar Coumba Diop et Mamadou Diouf, La Construction de l\u00c9tat au S\u00e9n\u00e9gal, Karthala, 2003, p. 231 Transfert pour la vall\u00e9e du fleuve S\u00e9n\u00e9gal, marquant la fronti\u00e8re avec la Mauritanie. Rencontre avec lAsescaw Amicale Socio Economique Sportive et Culturelle des Agriculteurs du Walo. Cette association collabore avec lONG italienne CISV dans un projet de formation technique. Nous d\u00e9couvrons avec elle les diff\u00e9rentes techniques de production de riz dans la vall\u00e9e du fleuve S\u00e9n\u00e9gal et de transformation du lait. D\u00eener et nuit au Parc du Djoudj dans le campement villageois le Njagabaar. <img decoding=\"async\" src=\"http:\/\/socialcompare.com\/u\/1110\/parship-fr_437dd6616e0737867ad36abadf83d640.jpg\" alt=\"site senegalais de rencontre\" align=\"left\"> Facteurs de risque de mortalit\u00e9 \u00e0 un mois des h\u00e9morragies intrac\u00e9r\u00e9brales au Burkina Faso-D.L. Lompo, K. Ciss\u00e9, N.E. Som\u00e9, O. Diallo, G.C. Ntiakoulou, C. Napon, J. Kabor\u00e9-Burkina Faso Le motif principal de la collection SS19 de Diarrablu, intitul\u00e9e Ndar En poursuivant votre navigation, vous acceptez des cookies pour personnaliser les contenus et les publicit\u00e9s, proposer des fonctionnalit\u00e9s sur les r\u00e9seaux sociaux, analyser le trafic. Senegal Touba salut je musicien auteur compositeur Pianiste demeurant \u00e0 Dakar ayant participer dans plusieurs Ma ch\u00e8re Ma\u00efa je nai toujours pas ton livre mais en fait le probl\u00e8me ne vient pas de lexp\u00e9diteur mais de ma poste, le facteur en effet se fait trop rare en ces temps difficiles mais je veux bien le reste les math\u00e9matiques. Cest la seule langue universelle avec laquelle je Cest parti pour la seconde mi-temps entre le S\u00e9n\u00e9gal et le B\u00e9nin. Steve Mouni\u00e9 engage pour les Ecureuils. Contient des id\u00e9es de nature extr\u00e9miste et terroriste, appelle \u00e0 tout type dactions ill\u00e9gales; Les dates correspondent aux dates de fondation des organisations Miroslav Blazevic \u00e0 la rencontre de l\u00e9quipe du S\u00e9n\u00e9gal Lassociation SOS M\u00e9diterran\u00e9e estime mercredi que la crise humanitaire en M\u00e9diterran\u00e9e centrale, o\u00f9 425 migrants sont actuellement bloqu\u00e9s en dehors des eaux territoriales maltaises, saggrave pour atteindre aujourdhui des niveaux sans pr\u00e9c\u00e9dent. Cette association civile europ\u00e9enne de sauvetage en mer demande, dans un communiqu\u00e9, que ces rescap\u00e9s soient d\u00e9barqu\u00e9s imm\u00e9diatement dans un lieu s\u00fbr et En 2017, 75 des jeunes s\u00e9n\u00e9galais originaires principalement du Sud, du Sud-Est et du Nord du pays souhaitaient quitter le pays. Laccroissement de l dans les pires conditions, notamment vers les, est une pr\u00e9occupation majeure pour le S\u00e9n\u00e9gal et les pays daccueil. Les plus d\u00e9sesp\u00e9r\u00e9s veulent ignorer les risques, sensibles \u00e0 la r\u00e9ussite de quelques-uns, et notamment de personnalit\u00e9s de la diaspora n\u00e9es au S\u00e9n\u00e9gal ou de parents s\u00e9n\u00e9galais particuli\u00e8rement dans les milieux artistiques ou sportifs. Interview r\u00e9alis\u00e9e \u00e0 Toubaba Dialaw, d\u00e9cembre 2012 Saison des pluies hivernage de juillet \u00e0 octobre : Grosses pluies fortes assez r\u00e9guli\u00e8res, jusqu\u00e0 12 jours dans le mois dao\u00fbt. Temp\u00e9ratures moyennes en journ\u00e9e entre 27 et 38. Temp\u00e9ratures moyennes la nuit entre 22 et 28. Ap\u00e9ritif de bienvenue sur la terrasse pour admirer le coucher de soleil. Poulet au citron pour le d\u00eener, sp\u00e9cialit\u00e9 de Bouva la cuisini\u00e8re. La mise en place de la DER proc\u00e8de dun acte de foi, dune preuve de pragmatisme et dune qu\u00eate perp\u00e9tuelle defficacit\u00e9 dans laction publique, drap\u00e9s dun id\u00e9al r\u00e9publicain. Un acte de foi en notre vaillante jeunesse Sur les quelques 400.000 unit\u00e9s \u00e9conomiques enregistr\u00e9s au Registre du Commerce au Senegal, seulement 3,2 ont d\u00e9clar\u00e9 un statut formel. Ces 3,2 dentreprises font \u00e0 elles seules 83 du chiffre daffaire national informations via RSE S\u00e9n\u00e9gal  Plus pr\u00e9cis\u00e9ment, pour lassociation Les S\u00e9n\u00e9galaises, dont le communiqu\u00e9 a \u00e9t\u00e9 diffus\u00e9 par, il sagit de lutter contre la pratique de lexcision et pas seulement au S\u00e9n\u00e9gal. On rencontre ces pratiques principalement dans 29 pays dAfrique et du Moyen-Orient, mais les mutilations g\u00e9nitales f\u00e9minines restent cependant un probl\u00e8me universel, \u00e9tant donn\u00e9 quelles sont aussi pratiqu\u00e9es dans certains payset dAm\u00e9rique latine, rappelle lassociation. S\u00e9n\u00e9gal: Macky Sall et Abdoulaye Wade scellent leur r\u00e9conciliation j\u00e9tais perdue avec de nouvelles langues. Diarra Bousso est n\u00e9e \u00e0 Dakar,  <img decoding=\"async\" src=\"http:\/\/scd.rfi.fr\/sites\/filesrfi\/dynimagecache\/0\/281\/2448\/1383\/1024\/578\/sites\/images.rfi.fr\/files\/aef_image\/senegalphoto1_0_0.jpg\" alt=\"site senegalais de rencontre\" align=\"left\"> .<\/p>\n","protected":false},"excerpt":{"rendered":"<p>site senegalais de rencontre<\/p>\n","protected":false},"author":1,"featured_media":0,"comment_status":"closed","ping_status":"closed","sticky":false,"template":"","format":"standard","meta":{"footnotes":""},"categories":[1],"tags":[],"_links":{"self":[{"href":"http:\/\/bauclassroom.com\/info\/wp-json\/wp\/v2\/posts\/7429"}],"collection":[{"href":"http:\/\/bauclassroom.com\/info\/wp-json\/wp\/v2\/posts"}],"about":[{"href":"http:\/\/bauclassroom.com\/info\/wp-json\/wp\/v2\/types\/post"}],"author":[{"embeddable":true,"href":"http:\/\/bauclassroom.com\/info\/wp-json\/wp\/v2\/users\/1"}],"replies":[{"embeddable":true,"href":"http:\/\/bauclassroom.com\/info\/wp-json\/wp\/v2\/comments?post=7429"}],"version-history":[{"count":1,"href":"http:\/\/bauclassroom.com\/info\/wp-json\/wp\/v2\/posts\/7429\/revisions"}],"predecessor-version":[{"id":7430,"href":"http:\/\/bauclassroom.com\/info\/wp-json\/wp\/v2\/posts\/7429\/revisions\/7430"}],"wp:attachment":[{"href":"http:\/\/bauclassroom.com\/info\/wp-json\/wp\/v2\/media?parent=7429"}],"wp:term":[{"taxonomy":"category","embeddable":true,"href":"http:\/\/bauclassroom.com\/info\/wp-json\/wp\/v2\/categories?post=7429"},{"taxonomy":"post_tag","embeddable":true,"href":"http:\/\/bauclassroom.com\/info\/wp-json\/wp\/v2\/tags?post=7429"}],"curies":[{"name":"wp","href":"https:\/\/api.w.org\/{rel}","templated":true}]}}