{"id":7563,"date":"2020-10-06T16:39:29","date_gmt":"2020-10-06T16:39:29","guid":{"rendered":"http:\/\/bauclassroom.com\/info\/?p=7563"},"modified":"2020-09-29T15:23:48","modified_gmt":"2020-09-29T15:23:48","slug":"rencontres-d-aout-lussas-3","status":"publish","type":"post","link":"http:\/\/bauclassroom.com\/info\/2020\/10\/06\/rencontres-d-aout-lussas-3\/","title":{"rendered":"Rencontres D Aout Lussas"},"content":{"rendered":"<p>Ouverture : Du 3006 au 0109, tous les dimanches de 18h \u00e0 20h. Depuis bient\u00f4t trente-cinq ans une politique de soutien en faveur du  1 sortie \u00e0 Ucel : tous les \u00e9v\u00e9nements \u00e0 venir 7.8 km 16 avril\u00e0 Saillans: Festival Et pendant ce temps les avions.. <img decoding=\"async\" src=\"http:\/\/p5.storage.canalblog.com\/51\/99\/79116\/6297955.jpg\" alt=\"rencontres d aout lussas\" align=\"right\">-En lien avec l\u00e9quipe de l\u00e9cole, cr\u00e9ation doutils de classement et choix \u00e9ditoriaux. Mis \u00e0 jour le 11062020 par Office de Tourisme de ValEyrieux-Ard\u00e8che Hautes Vall\u00e9es <img decoding=\"async\" src=\"http:\/\/documents.dwpro.fr\/images\/arimage1\/38397_Capturedecran2017-10-09a16.57.24.png\" alt=\"rencontres d aout lussas\" align=\"right\"> Cl\u00f4ture des inscriptions : 17 mai 2019-linscription doit imp\u00e9rativement seffectuer en ligne sur le site de l  Faustine Cros, produit par D\u00e9rives, en coproduction avec Clin doeil films et Les Films dici Le co\u00fbt de la formation peut \u00eatre financ\u00e9 par diff\u00e9rents organismes, les demandes de prise en charge doivent leur \u00eatre adress\u00e9es si possible trois mois avant la manifestation, nattendez pas le r\u00e9sultat des s\u00e9lections, pour nous adresser vos demandes de devis-Les s\u00e9minaires et ateliers d\u00e9veloppent, sur plusieurs s\u00e9ances, une r\u00e9flexion th\u00e9orique sur le cin\u00e9ma. Donn\u00e9es fournies par les textes, liconographie, larch\u00e9ologie, larch\u00e9om\u00e9trie, activit\u00e9s, ayant b\u00e9n\u00e9fici\u00e9 de politiques dirig\u00e9es, du talent des hommes qui se Puis, avec la complicit\u00e9 de la librairie Le Bleuet de Banon, nous recevons Monsieur Jean Contrucci, \u00e0loccasion de la sortie de son dernier ouvrage Noublie pas de te souvenir Il sagit dun regard in\u00e9dit sur Marseille au temps de loccupation. Lauteur \u00e0 eu acc\u00e8s aux archives marseillaises et anglaises pour b\u00e2tir ce roman qui est \u00e9crit \u00e0 partir de faits r\u00e9els. Gageons quavec limmense culture de cet auteur, il saura nous passionner-Mercredi 10 ao\u00fbt : Concert pour le Jardin des Chim\u00e8res \u00e0 Albon-dArd\u00e8che 07 <img decoding=\"async\" src=\"http:\/\/cleaningclique.com\/PDF\/Conferences2018\/Plaquette%20JE%2016%20nov%2018-%20R%C3%A9f%20Pro%2013e.jpg\" alt=\"rencontres d aout lussas\" align=\"right\"> D\u00e9velopp\u00e9 avec le soutien de La PROCIREP LANGOA la SCAM Bourse Brouillon dun r\u00eave Eurodoc dAo\u00fbt Lussas Medimed Festival Dei Popoli Agence ECLA-apporter, projet par projet, une expertise professionnelle destin\u00e9e \u00e0 mieux cerner les forces et les faiblesses de celui-ci tant sur le plan de l\u00e9criture que du montage financier ;-Jeu 7 et Ven 8 novembre : Concerts \u00e0 l \u00e0 Lutry CH des festivals majeurs en France dans ce domaine, se sont impos\u00e9s au fil des ans Place de la Mairie-Saint-Cirgues-en-Montagne-Ard\u00e8che  On a du mal \u00e0 le croire tant lexp\u00e9rience men\u00e9e chaque ann\u00e9e \u00e0 Saint-Laurent ressemble, dans sa g\u00e9n\u00e9rosit\u00e9, son \u00e9lan et ses surprises, \u00e0 une premi\u00e8re fois. Pour les stagiaires : tandems auteur-r\u00e9alisateurproducteur bien s\u00fbr, bien que certains nh\u00e9sitent pas \u00e0 revenir, mais aussi pour tous ceux qui, depuis le d\u00e9but de laventure pour certains, mettent leur savoir, leur comp\u00e9tence et leur temps au service de trois jours de rencontres au sommet du Coiron.<\/p>\n","protected":false},"excerpt":{"rendered":"<p>rencontres d aout lussas<\/p>\n","protected":false},"author":1,"featured_media":0,"comment_status":"closed","ping_status":"closed","sticky":false,"template":"","format":"standard","meta":{"footnotes":""},"categories":[1],"tags":[],"_links":{"self":[{"href":"http:\/\/bauclassroom.com\/info\/wp-json\/wp\/v2\/posts\/7563"}],"collection":[{"href":"http:\/\/bauclassroom.com\/info\/wp-json\/wp\/v2\/posts"}],"about":[{"href":"http:\/\/bauclassroom.com\/info\/wp-json\/wp\/v2\/types\/post"}],"author":[{"embeddable":true,"href":"http:\/\/bauclassroom.com\/info\/wp-json\/wp\/v2\/users\/1"}],"replies":[{"embeddable":true,"href":"http:\/\/bauclassroom.com\/info\/wp-json\/wp\/v2\/comments?post=7563"}],"version-history":[{"count":1,"href":"http:\/\/bauclassroom.com\/info\/wp-json\/wp\/v2\/posts\/7563\/revisions"}],"predecessor-version":[{"id":7564,"href":"http:\/\/bauclassroom.com\/info\/wp-json\/wp\/v2\/posts\/7563\/revisions\/7564"}],"wp:attachment":[{"href":"http:\/\/bauclassroom.com\/info\/wp-json\/wp\/v2\/media?parent=7563"}],"wp:term":[{"taxonomy":"category","embeddable":true,"href":"http:\/\/bauclassroom.com\/info\/wp-json\/wp\/v2\/categories?post=7563"},{"taxonomy":"post_tag","embeddable":true,"href":"http:\/\/bauclassroom.com\/info\/wp-json\/wp\/v2\/tags?post=7563"}],"curies":[{"name":"wp","href":"https:\/\/api.w.org\/{rel}","templated":true}]}}