{"id":757,"date":"2020-09-19T18:08:41","date_gmt":"2020-09-19T18:08:41","guid":{"rendered":"http:\/\/bauclassroom.com\/info\/?p=757"},"modified":"2020-09-19T05:19:02","modified_gmt":"2020-09-19T05:19:02","slug":"rencontre-napoleon-goethe","status":"publish","type":"post","link":"http:\/\/bauclassroom.com\/info\/2020\/09\/19\/rencontre-napoleon-goethe\/","title":{"rendered":"Rencontre Napol\u00e9on Goethe"},"content":{"rendered":"<p>Partie est divis\u00e9e en quatre actes ; au premier, Faust se r\u00e9veille Goethe, issu dune famille protestante, sest tr\u00e8s t\u00f4t familiaris\u00e9 avec le Proche-Orient de la Bible. Il sest adonn\u00e9 \u00e0 la Bibelkritik, \u00e0 la lecture philologique et historique du texte sacr\u00e9, qui vise \u00e0 distinguer ce qui rel\u00e8ve du contexte historique et ce qui est proprement r\u00e9v\u00e9lation divine. Le monde arabo-musulman non plus, ne lui est pas inconnu : jeune homme, son admiration pour le Coran le pousse \u00e0 envisager des \u00e9tudes darabe, et il \u00e9crit un po\u00e8me et un fragment de drame consacr\u00e9 \u00e0 Mahomet. Il s\u00e9tait m\u00eame essay\u00e9 \u00e0 recopier des sourates du Coran, une activit\u00e9 avec laquelle il renouera fin 1813. Goethe appr\u00e9ciait \u00e9galement les moallakats, les po\u00e8mes \u00e9piques pr\u00e9-islamiques. Quant \u00e0 la po\u00e9sie persane, qui est au c\u0153ur du projet du Divan, il la connaissait essentiellement gr\u00e2ce \u00e0 quelques po\u00e8mes de Hafez et aux textes de, le premier po\u00e8te iranien \u00e0 avoir b\u00e9n\u00e9fici\u00e9 d\u00e8s le XVIIe si\u00e8cle dune r\u00e9ception en Allemagne. Sous la direction de Maurice Va\u00efsse, Minist\u00e8re des affaires \u00e9trang\u00e8res, Imprimerie nationale 2000 cote R 534 les r\u00eaves des hommes ; mais il est incomplet : il na ni \u00e2me, Pierre Bertaux,, sur lEncyclop\u00e6dia universalis consult\u00e9 le 29 mars 2015 En 1811, lEspagne reste certes source de conflit, mais on semble maitriser la situation, on les contr\u00f4le les Bourbons qui y r\u00e8gnent. Les autres \u00e9tats coalis\u00e9s, hier encore, se sont ralli\u00e9s de gr\u00e9 ou de force. Le Danemark et la Russie sont officiellement les alli\u00e9s de la France. Tout comme la Prusse et surtout lAutriche depuis le mariage de Napol\u00e9on avec Marie Louise de Habsbourg-Lorraine, fille de lempereur dAutriche Fran\u00e7ois II. Except\u00e9 lAngleterre, d\u00e9finitivement r\u00e9tive et lempire ottoman, Napol\u00e9on semble disposer de tous les atouts. Il na jamais \u00e9t\u00e9 aussi puissant, lEmpire na jamais \u00e9t\u00e9 aussi \u00e9tendu. Il \u00e9tait \u00e0 lui tout seul une partie essentielle de lEurope. LEurope \u00e9tait faite, elle \u00e9tait fran\u00e7aise. Un an plus tard, en novembre 1812, ce fut la B\u00e9r\u00e9zina!  \u00c0 c\u00f4t\u00e9 du drame de fait que jette, dans la vie d\u00c9lisabeth, sa passion pour Otto, il y en a un autre, tout psychologique, qui saccomplit uniquement dans son esprit et qui commence le jour o\u00f9 \u00c9lisabeth saper\u00e7oit quelle a \u00e9t\u00e9 envahie par les doctrines de son mari, o\u00f9 elle veut les rejeter, o\u00f9 elle ne le peut d\u00e9j\u00e0 plus sans effort et sans douleur. Cest celui que lauteur a d\u00e9velopp\u00e9 avec le plus d\u00e9loquence et de sobri\u00e9t\u00e9. En ce genre, les Allemands sont pass\u00e9s maires. \u00c9coutons lhumilit\u00e9 de ce nationalisme timor\u00e9 : Je pouvais de moins en moins, \u00e9crit Pahl en parlant de la crise de 1809, je pouvais de moins en moins me d\u00e9fendre de lid\u00e9e quun dessein immuable de la Providence avait livr\u00e9 \u00e0 Napol\u00e9on les peuples de la terre. Je voyais lesprit des Allemands sinqui\u00e9ter devant les signes des temps, sangoisser au spectacle de la patrie menac\u00e9e dans son ind\u00e9pendance et dans sa nationalit\u00e9. Je leur montrais Napol\u00e9on poursuivant un but \u00e9lev\u00e9, la r\u00e9alisation dun nouveau syst\u00e8me politique, qui \u00e9tait manifestement dans les vues de la Providence. \u00c0 peine inqui\u00e9tante et limage mythique de lamour tragique. <img decoding=\"async\" src=\"http:\/\/toppasformen.gq\/wp-content\/uploads\/2018\/07\/fcv-acbe.jpg\" alt=\"rencontre napol\u00e9on goethe\" align=\"right\"> Les liens Pr\u00e9c\u00e9dent et Suivant en haut de la notice vous permettent de passer \u00e0 la notice suivante ou la notice pr\u00e9c\u00e9dente.  <img decoding=\"async\" src=\"http:\/\/www.plkdenoetique.com\/wp-content\/uploads\/2011\/02\/goethe-recherche-leternel-feminin-2-L-BHUVqa.jpeg\" alt=\"rencontre napol\u00e9on goethe\" align=\"left\"> en commun, et qui parurent dans l Almanach des Muses pour lann\u00e9e Parmi les multiples perspectives ouvertes par Lacoste dans La nostalgie de la lumi\u00e8re, il en est une qui fait bien ressortir le caract\u00e8re d\u00e9monique de la pens\u00e9e goeth\u00e9enne et sa puissance de refus des esth\u00e9tiques, logiques, politiques \u00e9tablies, puissance qui ne cesse de hanter la culture europ\u00e9enne depuis deux si\u00e8cles. Cette perspective est celle du Goethe \u00e9ducateur auquel ne cesse de se r\u00e9f\u00e9rer un autre esprit intempestif de la culture allemande, Nietzsche. On passe ais\u00e9ment de M\u00e9phistoph\u00e9l\u00e8s, esprit n\u00e9gateur, \u00e0 ce dernier, contempteur de la civilisation moderne. Et cest cette capacit\u00e9 de n\u00e9gation et de rejet des valeurs contemporaines-dans tous les domaines de la vie-qu admire le philosophe chez Goethe, lequel, du point de vue du penseur bataillant contre le nationalisme wagn\u00e9rien, est une culture \u00e0 lui seul, refusant toutes les normes historiques et \u00e9tatiques de son temps. Nietzsche \u00e9crit et lisons ces lignes en songeant au climat de n\u00e9o-franchouillardise tragi-comique dans lequel nous vivons d\u00e9sormais sous perfusion m\u00e9diatique et culturelle constante : LEtat a la pr\u00e9tention de dire son mot, et m\u00eame le dernier mot sur les probl\u00e8mes de la culture : comme si lEtat n\u00e9tait pas seulement un moyen, un moyen tr\u00e8s subalterne de la culture.. Un Reich allemand-combien de Reichs allemands ne donnerait-on pas pour un seul Goethe!. A la recherche dune totalit\u00e9 individuelle \u00e9voluant au-del\u00e0 des valeurs prescrites par une nation en mal de grandeur ou par un empire mondial dun genre nouveau emp\u00eachant le d\u00e9veloppement dindividus autonomes, Goethe, aux yeux de Nietzsche, est un homme fort, hautement cultiv\u00e9, habile \u00e0 toutes les choses de la vie physique, se tenant lui-m\u00eame bien en main, ayant le respect de lui-m\u00eame, pouvant se risquer \u00e0 jouir pleinement du naturel dans toute sa richesse et toute son \u00e9tendue, assez fort pour cette libert\u00e9. La libert\u00e9 desprit-mais aussi daction-en ces temps de mis\u00e8re politique et culturelle, voil\u00e0 sans doute ce que nous enseigne Goethe avant tout, dont la radicalit\u00e9 de l\u0153uvre-vie nous est ici r\u00e9v\u00e9l\u00e9e avec force et rigueur sous ses aspects les plus divers. Johann Wolfgang von Goethe, Les Affinit\u00e9s \u00e9lectives sur Faust. Il se maria tardivement en 1806 avec Christiane Vulpius de Le roi de Wurtemberg ne lignorait pas. Il prenait, pour \u00eatre renseign\u00e9 sur lopinion de ses sujets, le parti le plus s\u00fbr : celui de lire lui-m\u00eame leurs correspondances priv\u00e9es. Il \u00e9tait parfaitement fix\u00e9. Septembre 1786-juin 1788 Voyage en Italie Rome, Naples, Sicile. <img decoding=\"async\" src=\"http:\/\/eurairlscout.cf\/1326-home_default\/epiphone-joe-pass-emperor-ii-pro-vs-vintage-sunburst.jpg\" alt=\"rencontre napol\u00e9on goethe\" align=\"right\"> fleurit toujours. Cela veut dire, sans symbole, que Christiane  dut, en effet, accompagner Charles-Auguste qui guerroyait dans larm\u00e9e La R\u00e9volution fran\u00e7aise lentra\u00eene dans la campagne de France. En 1792, Goethe accompagna le duc de Saxe-Weimar dans la campagne de Valmy o\u00f9 une arm\u00e9e de sans-culottes mit en \u00e9chec les troupes prussiennes affaiblies par la dysenterie et la famine. Le soir de la bataille, devant la bonne contenance de larm\u00e9e fran\u00e7aise, le camp prussien salarme ; A ses compagnons qui lui demandent ce quil pense de cette tournure, il r\u00e9pondit : De ce lieu et de ce jour date une nouvelle \u00e9poque dans lhistoire du monde, et vous pourrez dire : Jy \u00e9tais. Ce mot solennel figure aujourdhui dans tous les livres dhistoire, la-t-il r\u00e9ellement prononc\u00e9? \u00e0 Leipzig. Durant une convalescence, d\u00fbe \u00e0 une grave maladie, il \u00e9tudia Localisation : sur le cardo dune cit\u00e9 de la Gaulle romaine tout cela car, pense-t-il, un but plus \u00e9lev\u00e9 nest pas En 1773, il commence \u00e0 \u00e9crire. Voyage avec Basedow et Lavatter sur la Lahn, Geistesgruss un po\u00e8me compos\u00e9 devant le ch\u00e2teau-fort de Lahneck traduit par Madame de Sta\u00ebl. En 1775, il sinstalle \u00e0 Weimar en tant quattach\u00e9 \u00e0 la cour du duc, puis en 1786, \u00e0 Rome. Il commence une liaison avec Charlotte von Stein de sept ans son a\u00een\u00e9e, qui durera dix ans. Il lui \u00e9crira 1 700 lettres.<\/p>\n","protected":false},"excerpt":{"rendered":"<p>rencontre napol\u00e9on goethe<\/p>\n","protected":false},"author":1,"featured_media":0,"comment_status":"closed","ping_status":"closed","sticky":false,"template":"","format":"standard","meta":{"footnotes":""},"categories":[1],"tags":[],"_links":{"self":[{"href":"http:\/\/bauclassroom.com\/info\/wp-json\/wp\/v2\/posts\/757"}],"collection":[{"href":"http:\/\/bauclassroom.com\/info\/wp-json\/wp\/v2\/posts"}],"about":[{"href":"http:\/\/bauclassroom.com\/info\/wp-json\/wp\/v2\/types\/post"}],"author":[{"embeddable":true,"href":"http:\/\/bauclassroom.com\/info\/wp-json\/wp\/v2\/users\/1"}],"replies":[{"embeddable":true,"href":"http:\/\/bauclassroom.com\/info\/wp-json\/wp\/v2\/comments?post=757"}],"version-history":[{"count":1,"href":"http:\/\/bauclassroom.com\/info\/wp-json\/wp\/v2\/posts\/757\/revisions"}],"predecessor-version":[{"id":758,"href":"http:\/\/bauclassroom.com\/info\/wp-json\/wp\/v2\/posts\/757\/revisions\/758"}],"wp:attachment":[{"href":"http:\/\/bauclassroom.com\/info\/wp-json\/wp\/v2\/media?parent=757"}],"wp:term":[{"taxonomy":"category","embeddable":true,"href":"http:\/\/bauclassroom.com\/info\/wp-json\/wp\/v2\/categories?post=757"},{"taxonomy":"post_tag","embeddable":true,"href":"http:\/\/bauclassroom.com\/info\/wp-json\/wp\/v2\/tags?post=757"}],"curies":[{"name":"wp","href":"https:\/\/api.w.org\/{rel}","templated":true}]}}