{"id":7599,"date":"2020-10-06T12:07:38","date_gmt":"2020-10-06T12:07:38","guid":{"rendered":"http:\/\/bauclassroom.com\/info\/?p=7599"},"modified":"2020-09-29T16:41:14","modified_gmt":"2020-09-29T16:41:14","slug":"rencontres-de-l-imaginaire-sevres-2011-3","status":"publish","type":"post","link":"http:\/\/bauclassroom.com\/info\/2020\/10\/06\/rencontres-de-l-imaginaire-sevres-2011-3\/","title":{"rendered":"Rencontres De L Imaginaire S\u00e8vres 2011"},"content":{"rendered":"<p> Lieu : \u00e0 la librairie Al\u00e8s-BD 17 rue du 19 mars 1962 30100 Al\u00e8s Arrive ensuite la remise du prix, loccasion de retrouver dautres blogueurs, notamment puis et le Docteur Mabuse aper\u00e7u au loin. Jaime chargement Cat\u00e9gories, Mots cl\u00e9s, Navigation des articles R\u00e9uni en conseil f\u00e9d\u00e9ral, samedi 22 septembre, Europe Ecologie Les Verts sest prononc\u00e9 contre la ratification du trait\u00e9 europ\u00e9en. Une d\u00e9cision inacceptable pour Daniel Cohn-Bendit qui, \u00e0 deux semaines du d\u00e9bat parlementaire sur ce texte, claque la porte du parti et questionne la l\u00e9gitimit\u00e9 gouvernementale de C\u00e9cile Duflot et Pascal Canfin. Apr\u00e8s deux jours dun silence pesant, la ministre du Logement a fini par d\u00e9clarer, lundi, quelle ne d\u00e9missionnerai ni du gouvernement, ni dEELV. Informations : Voir le pour r\u00e9cup\u00e9rer le programme d\u00e9taill\u00e9 <img decoding=\"async\" src=\"http:\/\/echangerdesmarquepages.e.c.pic.centerblog.net\/14add50c.jpg\" alt=\"rencontres de l imaginaire s\u00e8vres 2011\" align=\"left\">  JC Dunyach aux Aventuriales 2018 HENNINGER Bernard Saisissez le r\u00e9sultat. Par exemple, pour 1 3 4. Je serai sur place avec quelques produits de librairie et bien s\u00fbr de nombreux coll\u00e8gues auteurs et illustrateurs. <img decoding=\"async\" src=\"http:\/\/fund.luxeologie.com\/IMG\/arton428.jpg\" alt=\"rencontres de l imaginaire s\u00e8vres 2011\" align=\"left\"> A. Ray \u00e0 la convention SF Bordeaux 2016 HENNINGER Bernard Daniel Conrad au festival Imaginales d\u00c9pinal, 31 mai-3 juin 2012 Ellen HerzfeldQuarante-Deux Yan Marchand au festival Utopiales de Nantes en 2010 Ren\u00e9-Marc Dolhen Lieu : S\u00e8vres, en r\u00e9gion parisienne sud. Accessible par le m\u00e9tro. Michel Jeury \u00e0 la Convention nationale de SF, Nyons 2008 Bruno Para Unification france est copyright c 1997-2020 Unification France. Tous droits r\u00e9serv\u00e9s. Les num\u00e9ros de Marianne, en kiosques et en ligne chaque vendredi, ainsi que nos num\u00e9ros sp\u00e9ciaux Roland Lehoucq au festival Utopiales de Nantes en 2018 Gromovar Wolfenheir <img decoding=\"async\" src=\"http:\/\/omerveilles.com\/images\/sevres_2013\/affichesevres2013.jpg\" alt=\"rencontres de l imaginaire s\u00e8vres 2011\" align=\"right\"> Tandis quune partie de notre petite bande de blogueurs se rend \u00e0 la conf\u00e9rence sur le Steampunk, jeffectue un petit crochet pour aller faire d\u00e9dicacer mon exemplaire de Serpentine aupr\u00e8s de M\u00e9lanie Fazi et discuter avec elle cinq minutes \u00e0 propos de. Ce magnum opus, Wagner la pr\u00e9par\u00e9 pendant deux d\u00e9cennies : sa science de la narration, sa prose fine et pr\u00e9cise, forg\u00e9es par cinquante romans et cent nouvelles, en font un succ\u00e8s distingu\u00e9 par quatre prix litt\u00e9raires. Un recueil de nouvelles situ\u00e9es dans le m\u00eame univers, Le Train de la r\u00e9alit\u00e9 LAtalante, 2012 jette sur l\u00e9difice un \u00e9clairage lat\u00e9ral. Fabrice Fauconnier aux Utopiales 2000 Fabienne Rose Impossible de partager les articles de votre blog par e-mail. Edition Phil\u00e9as-De la bande-d\u00e9ssin\u00e9e et de limaginaire pour cette nouvelle maison d\u00e9dition  Catherine Dufour au festival Trolls L\u00e9gendes de Mons, 2009 Ren\u00e9-Marc Dolhen S\u00e9verine Pineaux \u00e0 Utopiales 2004 Fabienne Rose Peuple invisible, de Shohei Kusunoki Corn\u00e9lius J.W. Waterhouse: The Modern Pre-Raphaelite Royal Academy of Arts, Londres 27 June13 September 2009 Jai profit\u00e9 de mon voyage en Angleterre pour visiter une splendide exposition consacr\u00e9e \u00e0 un peintre que jappr\u00e9cie, John William Waterhouse 1849-1917..<\/p>\n","protected":false},"excerpt":{"rendered":"<p>rencontres de l imaginaire s\u00e8vres 2011<\/p>\n","protected":false},"author":1,"featured_media":0,"comment_status":"closed","ping_status":"closed","sticky":false,"template":"","format":"standard","meta":{"footnotes":""},"categories":[1],"tags":[],"_links":{"self":[{"href":"http:\/\/bauclassroom.com\/info\/wp-json\/wp\/v2\/posts\/7599"}],"collection":[{"href":"http:\/\/bauclassroom.com\/info\/wp-json\/wp\/v2\/posts"}],"about":[{"href":"http:\/\/bauclassroom.com\/info\/wp-json\/wp\/v2\/types\/post"}],"author":[{"embeddable":true,"href":"http:\/\/bauclassroom.com\/info\/wp-json\/wp\/v2\/users\/1"}],"replies":[{"embeddable":true,"href":"http:\/\/bauclassroom.com\/info\/wp-json\/wp\/v2\/comments?post=7599"}],"version-history":[{"count":1,"href":"http:\/\/bauclassroom.com\/info\/wp-json\/wp\/v2\/posts\/7599\/revisions"}],"predecessor-version":[{"id":7600,"href":"http:\/\/bauclassroom.com\/info\/wp-json\/wp\/v2\/posts\/7599\/revisions\/7600"}],"wp:attachment":[{"href":"http:\/\/bauclassroom.com\/info\/wp-json\/wp\/v2\/media?parent=7599"}],"wp:term":[{"taxonomy":"category","embeddable":true,"href":"http:\/\/bauclassroom.com\/info\/wp-json\/wp\/v2\/categories?post=7599"},{"taxonomy":"post_tag","embeddable":true,"href":"http:\/\/bauclassroom.com\/info\/wp-json\/wp\/v2\/tags?post=7599"}],"curies":[{"name":"wp","href":"https:\/\/api.w.org\/{rel}","templated":true}]}}