{"id":7627,"date":"2020-10-07T17:07:42","date_gmt":"2020-10-07T17:07:42","guid":{"rendered":"http:\/\/bauclassroom.com\/info\/?p=7627"},"modified":"2020-09-29T18:29:15","modified_gmt":"2020-09-29T18:29:15","slug":"rencontres-arles-wiki-3","status":"publish","type":"post","link":"http:\/\/bauclassroom.com\/info\/2020\/10\/07\/rencontres-arles-wiki-3\/","title":{"rendered":"Rencontres Arles Wiki"},"content":{"rendered":"<p> Cr\u00e9ation du fichier contact et mise \u00e0 jour pour les anciens contacts Au bord des quais, vue sur le centre historique dArles.  Coronavirus. Dans ce centre ouvert au gymnase Angelo-Parisi jusqu\u00e0 ce vendredi 12 juin, des tests ont \u00e9t\u00e9 pratiqu\u00e9s sur ces personnes. Les r\u00e9sultats seront connus la semaine prochaine. <img decoding=\"async\" src=\"http:\/\/www.rocambole.ca\/files\/Images\/ckeditor\/plancher_chauffant.jpg\" alt=\"rencontres arles wiki\" align=\"left\"> Vous pouvez accepter les cookies ou bien les refuser, les bloquer ou les effacer, \u00e0 votre convenance. Pour ce faire, vous pouvez choisir parmi lune des options propos\u00e9es sur la pr\u00e9sente fen\u00eatre ou bien encore et le cas \u00e9ch\u00e9ant, en configurant votre navigateur. Visite \u00e0 ne pas manquer en Provence, Arles poss\u00e8de tous les atouts pour retenir lattention tout un weekend, voire toutes les vacances en Camargue! <img decoding=\"async\" src=\"http:\/\/www.mittleresgrau.de\/wp-content\/uploads\/2012\/07\/book-award-rencontres-arles-2012.jpg\" alt=\"rencontres arles wiki\" align=\"center\"> Cette fondation va transformer le visage de la ville. Comment faire pour que les habitants adh\u00e8rent au projet? Lexposition From here Onpar exemple, organis\u00e9e lan dernier dans le cadre des Rencontres dArles, s\u00e9tait signal\u00e9e en soulevant une vive pol\u00e9mique. Sous l\u00e9gide de cinq commissaires prestigieux, dont le photographe mondialement c\u00e9l\u00e8bre Martin Parr, une quarantaine de jeunes artistes avaient \u00e9t\u00e9 invit\u00e9s \u00e0 piocher des photographies sur Internet de Duchamp et aux d\u00e9marches quil a inspir\u00e9s. Mais dans le contexte des Rencontres dArles, cette invitation au recyclage et au copi\u00e9coll\u00e9 avait quelque chose de provocant. Des photographes professionnels avaient en effet organis\u00e9 en marge du festival R\u00e9flexion sur les \u00e9v\u00e9nements en lien au mois de Septembre journ\u00e9es du patrimoine Les arl\u00e9siennes, qui correspondent au sud de ce petit massif, commencent \u00e0 partir du monast\u00e8re de, b\u00e2ti sur un \u00eelot surplombant une plaine mar\u00e9cageuse ass\u00e9ch\u00e9e \u00e0 plusieurs reprises sous les Romains, au X e si\u00e8cle puis aux XVI e et XVII e si\u00e8cles et enfin au XIX e si\u00e8cle. Elles longent du nord \u00e0 lest, les villages de, avec le moulin de, du, de et de. Conf\u00e9rence sur les travaux de Fernand pouillon. Leo Fabrizio  D\u00e9but juillet : Les Rencontres dArles Rencontres internationales de la photographie <img decoding=\"async\" src=\"http:\/\/www.mining.com\/wp-content\/uploads\/2018\/08\/columbus-gold-buy-70-stake-maripa-project-iamgold.jpg\" alt=\"rencontres arles wiki\" align=\"center\"> En 1911, une f\u00eate, organis\u00e9e par le coll\u00e8ge au profit dun orphelinat, rassemble 1200 personnes. On y joue deux pi\u00e8ces de th\u00e9\u00e2tre : Les plaideurs et le mariage forc\u00e9 ; les \u00e9l\u00e8ves de l\u00e9cole primaire sup\u00e9rieure pr\u00e9sentent une pyramide humaine. Fr\u00e9d\u00e9ric Mistral envoie un exemplaire de Nerto sur lequel il \u00e9crit une d\u00e9dicace : Segoud la l\u00e9i, Que nosti r\u00e9ire nous legu\u00e8ron, lis Arlaten au R\u00e8i digueron, Sian Ome libre selon la loi, Que nos anc\u00eatres nous l\u00e9gu\u00e8rent, les Arl\u00e9siens dirent au Roi : Nous sommes des hommes libres. Quavez-vous fait de la photographie, Actes Sud \u00c9ditions, Arles, 2012, 399 p. Robert Lafont, po\u00e8te, penseur, essayiste, linguiste, \u00e9crivain de th\u00e9\u00e2tre, historien de la litt\u00e9rature et m\u00e9di\u00e9viste, homme politique, romancier, polyglotte et grand amoureux de la langue occitane! Robert Lafont est n\u00e9 \u00e0 N\u00eemes le 16 Mars 1923. Il obtint le baccalaur\u00e9at en 1940. Il entra dans la r\u00e9sistance en 1944 et participa ainsi \u00e0 la lib\u00e9ration de N\u00eemes. Apr\u00e8s quoi il fut nomm\u00e9 directeur de cabinet adjoint du Pr\u00e9fet-Commissaire de la R\u00e9publique. Robert Lafont d\u00e9dia une grande partie de son activit\u00e9 \u00e0 laction politique : en 1960, il participa \u00e0 la cr\u00e9ation du Conseil National de D\u00e9fense des Langues et Cultures R\u00e9gionales CNDLCR. Il finit sa carri\u00e8re avec le titre de Professeur \u00e9m\u00e9rite de lUniversit\u00e9 Paul Val\u00e9ry de Montpellier. En 2017, la commune comptait 52 548 habitants, en augmentation de 0,21 par rapport \u00e0 2012 : 1,98, hors : 2,36.<\/p>\n","protected":false},"excerpt":{"rendered":"<p>rencontres arles wiki<\/p>\n","protected":false},"author":1,"featured_media":0,"comment_status":"closed","ping_status":"closed","sticky":false,"template":"","format":"standard","meta":{"footnotes":""},"categories":[1],"tags":[],"_links":{"self":[{"href":"http:\/\/bauclassroom.com\/info\/wp-json\/wp\/v2\/posts\/7627"}],"collection":[{"href":"http:\/\/bauclassroom.com\/info\/wp-json\/wp\/v2\/posts"}],"about":[{"href":"http:\/\/bauclassroom.com\/info\/wp-json\/wp\/v2\/types\/post"}],"author":[{"embeddable":true,"href":"http:\/\/bauclassroom.com\/info\/wp-json\/wp\/v2\/users\/1"}],"replies":[{"embeddable":true,"href":"http:\/\/bauclassroom.com\/info\/wp-json\/wp\/v2\/comments?post=7627"}],"version-history":[{"count":1,"href":"http:\/\/bauclassroom.com\/info\/wp-json\/wp\/v2\/posts\/7627\/revisions"}],"predecessor-version":[{"id":7628,"href":"http:\/\/bauclassroom.com\/info\/wp-json\/wp\/v2\/posts\/7627\/revisions\/7628"}],"wp:attachment":[{"href":"http:\/\/bauclassroom.com\/info\/wp-json\/wp\/v2\/media?parent=7627"}],"wp:term":[{"taxonomy":"category","embeddable":true,"href":"http:\/\/bauclassroom.com\/info\/wp-json\/wp\/v2\/categories?post=7627"},{"taxonomy":"post_tag","embeddable":true,"href":"http:\/\/bauclassroom.com\/info\/wp-json\/wp\/v2\/tags?post=7627"}],"curies":[{"name":"wp","href":"https:\/\/api.w.org\/{rel}","templated":true}]}}