{"id":7699,"date":"2020-10-07T09:48:17","date_gmt":"2020-10-07T09:48:17","guid":{"rendered":"http:\/\/bauclassroom.com\/info\/?p=7699"},"modified":"2020-09-29T22:33:15","modified_gmt":"2020-09-29T22:33:15","slug":"les-rencontres-arles-photo-3","status":"publish","type":"post","link":"http:\/\/bauclassroom.com\/info\/2020\/10\/07\/les-rencontres-arles-photo-3\/","title":{"rendered":"Les Rencontres Arles Photo"},"content":{"rendered":"<p><img decoding=\"async\" src=\"http:\/\/static1.villaschweppes.com\/articles\/7\/37\/02\/7\/@\/266362-l-espace-croisiere-a-arles-article_diapo-1.jpg\" alt=\"les rencontres arles photo\" align=\"right\"> Promenade Argentine :,,, Promenade rock :,, I am a clich\u00e9, \u00c9chos de lesth\u00e9tique punk,,,,, Destroy All Monsters,,,,, Belle journ\u00e9e en perspective,,,, Promenade argentique :, Shoot! La photographie existentielle, Chambres claires, notes sur la photographie, Polaroid en p\u00e9ril,, Des photographes en autoportraits, o\u00f9 sont-ils, Promenade avec les amis de la Fondation Luma : FischliWeiss, Luke FowlerPeter Hutton, Prix D\u00e9couverte 2010, Artistes pr\u00e9sent\u00e9s par Tom Eccles, Anne Colier, Liz Deschenes, Roe Ethridge, Artistes pr\u00e9sent\u00e9s par Liam Gillick, Marlo Pascual, Gilad Ratman, Solmaz Shahbazi, Artistes pr\u00e9sent\u00e9s par Hans Ulrich Obrist Philippe Parreno, Hans Peter Feldmann, Shannon Ebner, Kazuo Shinohara, Taryn Simon, Trisha Donnelly, Darius Khondji, Artistes pr\u00e9sent\u00e9s par Beatrix Ruf, Annette Kelm, Elad Lassry, Leigh Ledare, Prix du livre dauteur et prix du livre historique 2010, Promenade des passages de t\u00e9moins : Un parcours dans la collection de, France 14, ReGeneration2, Paolo Woods, ENSP promotion 2010, SFR jeunes talents, Lea Golda Holterman, Hors promenade : No Scoop, T\u00e9l\u00e9rama culture couverture, Ivan Mikhailov, Des clics et des classes, Marcher-cr\u00e9er,, 1950-2010 : Picto a 60 ans, Fran\u00e7ois Deladerri\u00e8re, Galerie Vu, Fran\u00e7ois Halard,  Marjan Teeuwen Destroyed House Les Rencontres Arles 2019 Photo En revenant de lexpo! Exposition collective Botter Straete \u00e0 Modulo Atelier du 07 juin au 25 octobre 2020 avec Waii Waii, Sophie Wirtz, Bernard Lesecq, Bruno Desplanques, Carol Levy, Donovan Le Coadou, Emmanuel Vaesken, Gauthier Leroy, J\u00e9rome Progin, Nicolas Tourte, Phil\u00e9mon Vanorl\u00e9.  Les Rencontres ont pioch\u00e9 dans ces diff\u00e9rents visages de lENSP pour son \u00e9dition 2012 et proposent \u00e0 la fois les clich\u00e9s tr\u00e8s modes dun promotion 1995 la photo politique dun promotion 1998 et les choix artistiques tranch\u00e9s dune sortie de l\u00e9cole en 2002. Dans mes installations, ces forces se manifestent dans des compositions monumentales. Tout est \u00e0 la fois debout et chancelant. Les interventions g\u00e9n\u00e8rent une nouvelle perspective sur la structure architecturale et sociale du b\u00e2timent. En 50 ans, le festival de photographie de renomm\u00e9e mondiale navait jamais \u00e9t\u00e9 interrompu. Le Covid a eu sa peau pour cette ann\u00e9e. <img decoding=\"async\" src=\"http:\/\/discipulaeditions.com\/web\/wp-content\/uploads\/2015\/07\/11041156_491861560975000_6599828066407104003_n.jpg\" alt=\"les rencontres arles photo\" align=\"left\"> 25. Mars 2020 6 min Arles 2020 tient \u00e0 avoir lieu. Voil\u00e0 o\u00f9 en est le festival de photo aujourdhui La grande photoreporter am\u00e9ricaine recevra le 2 juillet au Th\u00e9\u00e2tre antique ce nouveau prix qui r\u00e9compense la cr\u00e9ativit\u00e9 et la singularit\u00e9 des femmes talentueuses dans le domaine des arts et de la culture. Prix du livre historique : In History, ed. Bokforlaget Max Strum, 2009 Dans ses photos \u00e0 lui, dans la douce lumi\u00e8re du nord, trois jeunes m\u00e8res posent avec leurs poussettes, quatre petites rousses \u00e0 la mode Dalton nous regardent, en ligne, devant un mur plein de graffitis, quatre copines sur leur trente-et-un se tiennent par l\u00e9paule \u00e0 une table de pub, devant des verres de bi\u00e8re. Et on se dit que le regard empathique de Tom Wood sait les rendre particuli\u00e8rement jolies. Les Alpilles gagnent \u00e0 \u00eatre d\u00e9couvertes dans leur int\u00e9gralit\u00e9 afin dappr\u00e9cier toutes leurs richesses et leur diversit\u00e9. Le caract\u00e8re pittoresque de ses villages aux ambiances et architectures si diff\u00e9rentes rappellent l\u00e9lan de plus de 4 000 ans de civilisation. Ce foisonnement de vestiges fait des Alpilles un lieu incontournable pour les passionn\u00e9s dhistoire, de culture et darch\u00e9ologie. Les rencontres dArles 2013 : mon voyage photographique en noir et blanc AMERICA GREAT AGAIN Raymond Depardon USA, 1968-1999 <img decoding=\"async\" src=\"http:\/\/img.over-blog-kiwi.com\/0\/99\/15\/91\/20160825\/ob_857305_les-rencontres-de-la-photo-arles-20160.JPG\" alt=\"les rencontres arles photo\" align=\"center\"> Lorsque vous \u00eates abonn\u00e9s, vous avez le contr\u00f4le de votre profil : cest vous et seulement vous qui choisissez \u00e0 qui et quand vous d\u00e9voilez votre photo. Mod\u00e9ration et protection Code valid\u00e9 Code non valide Code de v\u00e9rification renvoy\u00e9 Ouverte par Isabelle Wisniak, cette galerie dart est d\u00e9di\u00e9e aux repr\u00e9sentations de lanimal dans lart, toutes expressions et nationalit\u00e9s confondues. .<\/p>\n","protected":false},"excerpt":{"rendered":"<p>les rencontres arles photo<\/p>\n","protected":false},"author":1,"featured_media":0,"comment_status":"closed","ping_status":"closed","sticky":false,"template":"","format":"standard","meta":{"footnotes":""},"categories":[1],"tags":[],"_links":{"self":[{"href":"http:\/\/bauclassroom.com\/info\/wp-json\/wp\/v2\/posts\/7699"}],"collection":[{"href":"http:\/\/bauclassroom.com\/info\/wp-json\/wp\/v2\/posts"}],"about":[{"href":"http:\/\/bauclassroom.com\/info\/wp-json\/wp\/v2\/types\/post"}],"author":[{"embeddable":true,"href":"http:\/\/bauclassroom.com\/info\/wp-json\/wp\/v2\/users\/1"}],"replies":[{"embeddable":true,"href":"http:\/\/bauclassroom.com\/info\/wp-json\/wp\/v2\/comments?post=7699"}],"version-history":[{"count":1,"href":"http:\/\/bauclassroom.com\/info\/wp-json\/wp\/v2\/posts\/7699\/revisions"}],"predecessor-version":[{"id":7700,"href":"http:\/\/bauclassroom.com\/info\/wp-json\/wp\/v2\/posts\/7699\/revisions\/7700"}],"wp:attachment":[{"href":"http:\/\/bauclassroom.com\/info\/wp-json\/wp\/v2\/media?parent=7699"}],"wp:term":[{"taxonomy":"category","embeddable":true,"href":"http:\/\/bauclassroom.com\/info\/wp-json\/wp\/v2\/categories?post=7699"},{"taxonomy":"post_tag","embeddable":true,"href":"http:\/\/bauclassroom.com\/info\/wp-json\/wp\/v2\/tags?post=7699"}],"curies":[{"name":"wp","href":"https:\/\/api.w.org\/{rel}","templated":true}]}}