{"id":7741,"date":"2020-10-07T19:24:57","date_gmt":"2020-10-07T19:24:57","guid":{"rendered":"http:\/\/bauclassroom.com\/info\/?p=7741"},"modified":"2020-09-30T00:20:39","modified_gmt":"2020-09-30T00:20:39","slug":"rencontre-cevenoles-3","status":"publish","type":"post","link":"http:\/\/bauclassroom.com\/info\/2020\/10\/07\/rencontre-cevenoles-3\/","title":{"rendered":"Rencontre Cevenoles"},"content":{"rendered":"<p>Accessible \u00e0 tous les utilisateurs pour chaque session. \u00c9pisodes c\u00e9venols : Comment N\u00eemes a appris de ses drames-Dis-leur! la liste de diffusion ad hoc. Un compte rendu de tout \u00e7a sera \u00e9labor\u00e9 de toute Cette sensibilisation a \u00e9t\u00e9 men\u00e9e avec Lionnel Barathieu, ambassadeur du tri \u00e0 lAgglo, qui a rencontr\u00e9 les personnels de proximit\u00e9 du centre ville pour leur expliquer les bons gestes tri. Les gardiens ont pu ainsi aller \u00e0 la rencontre des habitants pour les sensibiliser et rappeler les enjeux. <img decoding=\"async\" src=\"http:\/\/www.objectifgard.com\/wp-content\/uploads\/2015\/07\/transes-c%C3%A9venoles.jpg\" alt=\"rencontre cevenoles\" align=\"left\">-Les c\u00e9venols, tu vois, cest simple. Ce sont les gens qui vivent en C\u00e9vennes. Il ny a pas dautre d\u00e9finition!Je  Rencontre et \u00e9changes entre Dogons et C\u00e9venols cest vous qui le direz. Il est ouvert \u00e0 tout public et non r\u00e9serv\u00e9 aux seuls Lassociation Nature et Progr\u00e8s Aude organise deux jours de formation les 14.. La Scic ERE 43, les Colibris du pays des sucs, Longo Ma\u00ef de Treynas, le RAF.. Questions r\u00e9ponses Rencontres Cevenoles De La Photo Pour un niveau avanc\u00e9 : choisir une \u00e0 deux sp\u00e9cialisations sur 4 semaines <img decoding=\"async\" src=\"http:\/\/statique.lamarseillaise.fr\/media\/k2\/items\/cache\/fdb3688c20c9e8cd690c5a2e10c2ef35_L.jpg\" alt=\"rencontre cevenoles\" align=\"right\"> Ana\u00efs Baydemir revient sur les intemp\u00e9ries qui ont touch\u00e9 le Sud-Est de la France dans la nuit de vendredi \u00e0 samedi 15 novembre. Langage universel, la musique ignore les fronti\u00e8res et circule facilement, dautant plus \u00e0 lheure dInternet. La question de lexport des projets musicaux devrait donc aller de soi. Pourtant, d\u00e9velopper sa carri\u00e8re \u00e0 linternational pose imm\u00e9diatement des questions administratives et juridiques complexes, et renvoie, in fine, \u00e0 la question de la structuration des groupes et des \u00e9quipes artistiques. De m\u00eame, des soutiens institutionnels existent, mais il faut \u00eatre en capacit\u00e9 de mobiliser ces aides, et de les utiliser \u00e0 bon escient. Cette premi\u00e8re conf\u00e9rence permettra de faire un tour dhorizon de l\u00e9tat de lexport en France et au Canada, et de se poser les bonnes questions sur la strat\u00e9gie \u00e0 mettre en place pour exporter ses projets. Le programme des activit\u00e9s \ufe0f\u200d\ufe0f dans nos 4 centres de Loisirs est disponible!  Cest aqualand au milieu de la nature sauvage. Des sauts, des toboggans \u00e0 nen plus finir, des rappels sous le soleil ponctuent cette descente. Les sommets qui surplombent le canyon vous plongent dans un univers min\u00e9ral incroyable. Avec la course au cachet et la mont\u00e9e des co\u00fbts dexploitation, les festivals de taille moyenne ont du mal \u00e0 suivre. Dautant plus quen dehors des grandes m\u00e9tropoles, il parait compliqu\u00e9 de monter les prix dentr\u00e9e. Ainsi, pris entre deux feux, les festivals de musique en milieu rural doivent se r\u00e9inventer. Gratuit\u00e9 totale ou partielle de loffre, mise en place dune saison \u00e0 lann\u00e9e, inscription dans un projet culturel de territoire, diversification des propositions : comment les festivals, notamment de taille interm\u00e9diaire, se recomposent-ils? Bonjour, vous parlez que cet \u00e9tang avec un acc\u00e8s handicap\u00e9.. Je doute sur ce crit\u00e8re soit bien choisi et me semble tr\u00e8s exag\u00e9r\u00e9.  qui d\u00e9noncent haut et fort le manque de bruit, did\u00e9e, denvie Venez d\u00e9couvrir les c\u00e9pages vari\u00e9t\u00e9s de raisin c\u00e9venols anciens, et notamment les c\u00e9pages am\u00e9ricains adopt\u00e9s par les habitants des C\u00e9vennes! Tr\u00e8s productifs et r\u00e9sistants aux maladies de la vigne, ils ont de plus des qualit\u00e9s gustatives hors pair. Les habitants des C\u00e9vennes vous pr\u00e9senteront ainsi de d\u00e9licieux mets : vins, jus, confitures et autres, pr\u00e9par\u00e9s \u00e0 partir de ces c\u00e9pages. Afin de limiter les \u00e9missions carbone et le nombre de v\u00e9hicules stationn\u00e9s, nous encourageons vivement cette pratique. Aussi, au moment de votre inscription, merci de bien vouloir nous pr\u00e9venir du nombre de places libres que vous avez dans votre voiture, ou si vous cherchez un co-voiturage. Les zones de suintements des rochers siliceux sont particuli\u00e8rement pr\u00e9cieuses et abritent tout un cort\u00e8ge desp\u00e8ces rares et prot\u00e9g\u00e9es, notamment des pt\u00e9ridophytes foug\u00e8res et plantes alli\u00e9es. Identification de raisin venez avec les v\u00f4tres si vous ne connaissez pas la vari\u00e9t\u00e9. <img decoding=\"async\" src=\"http:\/\/img.over-blog.com\/227x300\/3\/31\/71\/01\/Atelier-travail\/240120121151.jpg\" alt=\"rencontre cevenoles\" align=\"right\"> Sortez! Le Yoga du rire ou le bien-\u00eatre par le rire!<\/p>\n","protected":false},"excerpt":{"rendered":"<p>rencontre cevenoles<\/p>\n","protected":false},"author":1,"featured_media":0,"comment_status":"closed","ping_status":"closed","sticky":false,"template":"","format":"standard","meta":{"footnotes":""},"categories":[1],"tags":[],"_links":{"self":[{"href":"http:\/\/bauclassroom.com\/info\/wp-json\/wp\/v2\/posts\/7741"}],"collection":[{"href":"http:\/\/bauclassroom.com\/info\/wp-json\/wp\/v2\/posts"}],"about":[{"href":"http:\/\/bauclassroom.com\/info\/wp-json\/wp\/v2\/types\/post"}],"author":[{"embeddable":true,"href":"http:\/\/bauclassroom.com\/info\/wp-json\/wp\/v2\/users\/1"}],"replies":[{"embeddable":true,"href":"http:\/\/bauclassroom.com\/info\/wp-json\/wp\/v2\/comments?post=7741"}],"version-history":[{"count":1,"href":"http:\/\/bauclassroom.com\/info\/wp-json\/wp\/v2\/posts\/7741\/revisions"}],"predecessor-version":[{"id":7742,"href":"http:\/\/bauclassroom.com\/info\/wp-json\/wp\/v2\/posts\/7741\/revisions\/7742"}],"wp:attachment":[{"href":"http:\/\/bauclassroom.com\/info\/wp-json\/wp\/v2\/media?parent=7741"}],"wp:term":[{"taxonomy":"category","embeddable":true,"href":"http:\/\/bauclassroom.com\/info\/wp-json\/wp\/v2\/categories?post=7741"},{"taxonomy":"post_tag","embeddable":true,"href":"http:\/\/bauclassroom.com\/info\/wp-json\/wp\/v2\/tags?post=7741"}],"curies":[{"name":"wp","href":"https:\/\/api.w.org\/{rel}","templated":true}]}}