{"id":7803,"date":"2020-10-07T13:01:01","date_gmt":"2020-10-07T13:01:01","guid":{"rendered":"http:\/\/bauclassroom.com\/info\/?p=7803"},"modified":"2020-09-30T06:57:55","modified_gmt":"2020-09-30T06:57:55","slug":"weltgeschichte-in-bildern-rencontre-3","status":"publish","type":"post","link":"http:\/\/bauclassroom.com\/info\/2020\/10\/07\/weltgeschichte-in-bildern-rencontre-3\/","title":{"rendered":"Weltgeschichte In Bildern Rencontre"},"content":{"rendered":"<p>Prix du livre dauteur : From back home, et ed. Bokforlaget Max Strum, 2009 <img decoding=\"async\" src=\"http:\/\/www.maremagnum.com\/uploads\/item_image\/image\/2017\/uccidiamo-griffin-c7944cf2-f3d2-4f8f-b445-bebc56c04d07.jpeg\" alt=\"weltgeschichte in bildern rencontre\" align=\"center\"> Graphic Society, D\u00e9j\u00e0-vu de Lustrum Press et Suite grecque de Ch\u00eane  Pr\u00e8s de 350 m\u00e9diateurs-stagiaires ont ainsi \u00e9t\u00e9 form\u00e9s depuis lorigine de La Rentr\u00e9e en Images en 2004. Formation aux outils et astuces pour faire d\u00e9couvrir la photographie \u00e0 tous \u03bd\u03b5\u03b1\u03bd\u03b9\u03ba\u03b1 \u03b3\u03c5\u03bd\u03b1\u03b9\u03ba\u03b5\u03b9\u03b1 \u03c1\u03bf\u03c5\u03c7\u03b1 \u03c7\u03bf\u03bd\u03b4\u03c1\u03b9\u03ba\u03b7 \u03c9\u03c1\u03b5\u03c2 \u03bb\u03b5\u03b9\u03c4\u03bf\u03c5\u03c1\u03b3\u03b9\u03b1\u03c2 \u03ba\u03b1\u03c4\u03b1\u03c3\u03c4\u03b7\u03bc\u03b1\u03c4\u03c9\u03bd \u03bb\u03b1\u03c1\u03b9\u03c3\u03b1\u03c2 \u03b8\u03ad\u03b1\u03c4\u03c1\u03b1 \u03b1\u03b8\u03ae\u03bd\u03b1\u03c2 \u03c0\u03b1\u03c1\u03b1\u03c3\u03c4\u03ac\u03c3\u03b5\u03b9\u03c2 2015 \u03b5\u03bd\u03bf\u03b9\u03ba\u03b9\u03b1\u03c3\u03b7\u03c2 \u03b1\u03c5\u03c4\u03bf\u03ba\u03b9\u03bd\u03b7\u03c4\u03c9\u03bd \u03ba\u03b1\u03b2\u03b1\u03bb\u03b1 \u03bb\u03bf\u03b3\u03b1\u03c1\u03b9\u03b1\u03c3\u03bc\u03bf\u03b9 \u03ba\u03c5\u03ba\u03bb\u03bf\u03c6\u03bf\u03c1\u03bf\u03c5\u03bd \u03b5\u03bd\u03b5\u03c1\u03b3\u03b7\u03c4\u03b9\u03ba\u03bf\u03c5 \u03c6\u03c1\u03bf\u03c5\u03c4\u03b1 \u03c4\u03b7\u03c2 \u03b1\u03bd\u03bf\u03b9\u03be\u03b7\u03c2 \u03c3\u03c4\u03bf \u03bd\u03b7\u03c0\u03b9\u03b1\u03b3\u03c9\u03b3\u03b5\u03b9\u03bf \u03bc\u03b5\u03bb\u03b9 \u03b1\u03c0\u03bf \u03b8\u03c5\u03bc\u03b1\u03c1\u03b9 \u03b9\u03b4\u03b9\u03bf\u03c4\u03b7\u03c4\u03b5\u03c2  La Nuit de lAnn\u00e9e est l\u00e9v\u00e9nement festif incontournable des Rencontres dArles. Elle a lieu aux Papeteries \u00c9tienne dans le quartier de Trinquetaille. Cette soir\u00e9e de la semaine douverture souvre \u00e0 la diversit\u00e9 des pratiques artistiques li\u00e9es \u00e0 limage. Elle pr\u00e9sente les coups de c\u0153ur de lann\u00e9e, offre des cartes blanches \u00e0 des artistes, \u00e0 des institutions, \u00e0 des magazines Lors de l\u00e9dition 2019, une quarantaine de propositions ont \u00e9t\u00e9 projet\u00e9es en boucle sur 6 grands \u00e9crans et deux institutions.,, Jay Maisel,, Ben Fernandez, Julia Pirotte, \u03ba\u03bb\u03c9\u03bd\u03bf\u03b9 iphone 4 \u03b5\u03c5\u03b3\u03b5\u03bd\u03af\u03b4\u03b5\u03b9\u03bf \u03b8\u03b5\u03c1\u03b1\u03c0\u03b5\u03c5\u03c4\u03ae\u03c1\u03b9\u03bf \u03c4\u03b7\u03bb\u03ad\u03c6\u03c9\u03bd\u03bf \u03b5\u03c5\u03b1\u03b9\u03c3\u03b8\u03b7\u03c3\u03b9\u03b1 \u03c3\u03c4\u03b1 \u03b4\u03bf\u03bd\u03c4\u03b9\u03b1 \u03bc\u03b5\u03c4\u03b1 \u03b1\u03c0\u03bf \u03bb\u03b5\u03c5\u03ba\u03b1\u03bd\u03c3\u03b7 \u0394\u03c9\u03c1\u03b5\u03ac\u03bd \u03b1\u03c0\u03bf\u03c3\u03c4\u03bf\u03bb\u03ae, \u03c7\u03c9\u03c1\u03af\u03c2 \u03c0\u03c1\u03bf\u03bc\u03ae\u03b8\u03b5\u03b9\u03b1 \u03c3\u03c5\u03bd\u03b1\u03bb\u03bb\u03b1\u03b3\u03ce\u03bd! 12 \u03bc\u03ae\u03bd\u03b5\u03c2 \u03b5\u03b3\u03b3\u03cd\u03b7\u03c3\u03b7. Le projet participatif Tous \u00e9gaux derri\u00e8re lobjectif a pour vocation dinclure les personnes en situation de handicap dans le tissu culturel du Pays dArles en leur permettant d\u00eatre acteurs de manifestations embl\u00e9matiques. Cette action se pr\u00e9sente sous la forme dun travail commun entre collectivit\u00e9s, institutions, fondations et associations. <img decoding=\"async\" src=\"http:\/\/s3.exploredoc.com\/store\/data\/011743539_1-a042b9de8eba3d8aef118d41c5acd55f.png\" alt=\"weltgeschichte in bildern rencontre\" align=\"left\"> \u03a1\u03c5\u03b8\u03bc\u03b9\u03b6\u03cc\u03bc\u03b5\u03bd\u03b7 \u03ad\u03bd\u03c4\u03b1\u03c3\u03b7: 12V 15V 16V 18.5V 19V 19.5V 20V error was encountered while trying to use an ErrorDocument to handle the request. Prix du livre dauteur : H. Said he loved us de Tommaso TaniniDiscipula \u00e9d. Disculpa Editions, 2014 Prix du livre : Sibusiso Mbhele and his Fish Helicopter, <img decoding=\"async\" src=\"http:\/\/www.stasjh.tk\/8034-thickbox_default\/initial-full-rhinestone-bracelet-20mm-to-18mm-name-letter-s-69219.jpg\" alt=\"weltgeschichte in bildern rencontre\" align=\"left\"> Photo Folio Review : Laur\u00e9ate : Aurore Valade. Coups de coeur : Haley Morris-Cafiero, Alexandra Lethbridge, Charlotte Abramow, Catherine Leutengger.  Prix Photo Folio Review: Combining for Ice and Jade 2011-2017 de.<\/p>\n","protected":false},"excerpt":{"rendered":"<p>weltgeschichte in bildern rencontre<\/p>\n","protected":false},"author":1,"featured_media":0,"comment_status":"closed","ping_status":"closed","sticky":false,"template":"","format":"standard","meta":{"footnotes":""},"categories":[1],"tags":[],"_links":{"self":[{"href":"http:\/\/bauclassroom.com\/info\/wp-json\/wp\/v2\/posts\/7803"}],"collection":[{"href":"http:\/\/bauclassroom.com\/info\/wp-json\/wp\/v2\/posts"}],"about":[{"href":"http:\/\/bauclassroom.com\/info\/wp-json\/wp\/v2\/types\/post"}],"author":[{"embeddable":true,"href":"http:\/\/bauclassroom.com\/info\/wp-json\/wp\/v2\/users\/1"}],"replies":[{"embeddable":true,"href":"http:\/\/bauclassroom.com\/info\/wp-json\/wp\/v2\/comments?post=7803"}],"version-history":[{"count":1,"href":"http:\/\/bauclassroom.com\/info\/wp-json\/wp\/v2\/posts\/7803\/revisions"}],"predecessor-version":[{"id":7804,"href":"http:\/\/bauclassroom.com\/info\/wp-json\/wp\/v2\/posts\/7803\/revisions\/7804"}],"wp:attachment":[{"href":"http:\/\/bauclassroom.com\/info\/wp-json\/wp\/v2\/media?parent=7803"}],"wp:term":[{"taxonomy":"category","embeddable":true,"href":"http:\/\/bauclassroom.com\/info\/wp-json\/wp\/v2\/categories?post=7803"},{"taxonomy":"post_tag","embeddable":true,"href":"http:\/\/bauclassroom.com\/info\/wp-json\/wp\/v2\/tags?post=7803"}],"curies":[{"name":"wp","href":"https:\/\/api.w.org\/{rel}","templated":true}]}}