{"id":7823,"date":"2020-10-07T18:54:39","date_gmt":"2020-10-07T18:54:39","guid":{"rendered":"http:\/\/bauclassroom.com\/info\/?p=7823"},"modified":"2020-09-30T09:30:31","modified_gmt":"2020-09-30T09:30:31","slug":"les-rencontres-de-arles-2011-3","status":"publish","type":"post","link":"http:\/\/bauclassroom.com\/info\/2020\/10\/07\/les-rencontres-de-arles-2011-3\/","title":{"rendered":"Les Rencontres De Arles 2011"},"content":{"rendered":"<p>RASTIER, Fran\u00e7ois 2011, Objets et performances s\u00e9miotiques, Texto! XVI1. En ligne. Page consult\u00e9e le 25 octobre 2011. En 2011, 28 des visiteurs se sont rendus aux Rencontres dArles pour la premi\u00e8re fois, alors que 72 dentre eux \u00e9taient d\u00e9j\u00e0 venus au cours des cinq derni\u00e8res ann\u00e9es. Et, les visiteurs fran\u00e7ais repr\u00e9sentaient 90 du public. 47 expositions \u00e9taient au programme. 6 000 personnes ont particip\u00e9 au projet de JR, en r\u00e9alisant leur portrait afin de protester en faveur dune cause qui leur est ch\u00e8re. Alberto Garc\u00eda-Alix, Pierre Gonnord, Jean-Christian Bourcart, Paolo Woods pr\u00e9sentent leurs travaux et r\u00e9pondent aux questions. Ces soir\u00e9es sont reconduites tous les mercredis de l\u00e9t\u00e9. Avec les ma\u00eetres de stages pr\u00e9sents dans la semaine.  Passionn\u00e9e par la photographie et le visuel Jodie a \u00e9tudi\u00e9 le Cin\u00e9ma et lHistoire. Elle sint\u00e9resse \u00e0 limage car cest un langage universel et pour la force que peut contenir une belle composition. Elle aime aussi voyager et la vid\u00e9o. Publi\u00e9 le par Arles 1 : vue densemble et premiers coups de coeur Le salon TAF de N\u00eemes aura lieu les 22 et 23 septembre 2020 au Parc des expositions de 9 heures \u00e0 17 heures. Il est organis\u00e9 par la R\u00e9gion, en lien.. Les Rencontres de la photographie dArles, jusquau 22 septembre prochain. <img decoding=\"async\" src=\"http:\/\/www.gallery-arlesworkshops.com\/wp-content\/uploads\/2017\/05\/Sivier-D-1.jpg\" alt=\"les rencontres de arles 2011\" align=\"right\">  Art, histoire ou sciences naturelles : d\u00e9couvrez toutes les dates des expositions en Provence. Pr\u00e9c\u00e9dent Suivant Autres articles  Tickets and passes already purchased will be refunded automatically, as soon as possible. CORPS IMPATIENTS PHOTOGRAPHIE EST-ALLEMANDE, 1980-1989 RANCIERE, Jacques 2008, Le spectateur \u00e9mancip\u00e9, Paris, La Fabrique \u00e9dition. Le devenir humain se trouve interrog\u00e9e dabord par la toujours fructueuse collaboration entre lInserm et lENSP encore particuli\u00e8rement r\u00e9ussie cette 8e ann\u00e9e gr\u00e2ce \u00e0 laccompagnement de Yannick Vernet. Mathieu Gafsou prolonge nos angoisses des limites de lhumain et de leur transgression technologique par un travail o\u00f9 le documentaire flirte avec les fictions. <img decoding=\"async\" src=\"http:\/\/www.johnb.fr\/wp-content\/gallery\/arles2011\/dscf1873.jpg\" alt=\"les rencontres de arles 2011\" align=\"center\"> Impression jet dencre pigmentaire sur papier Harman By Hahnemuhle En 1958, le photographe Robert Frank et d\u00e9diteur Robert Delpire ont respectivement 34 et 32 ans. Ensemble, ils publient Les Am\u00e9ricains, un livre de 84 photographies qui marquera des g\u00e9n\u00e9rations de photographes, dhistoriens, de commissaires. Robert Frank invente le road trip photographique. Pr\u00e9sent\u00e9es sous diff\u00e9rentes th\u00e9matiques dans une trentaine de lieux de la ville, les cr\u00e9ations des artistes expos\u00e9s donnent \u00e0 voir des r\u00e9alit\u00e9s contemporaines, portent un regard sur des \u00e9poques pass\u00e9es, explorent des ph\u00e9nom\u00e8nes ou des espaces \u00e0 travers lobjectif.. La nuit de lann\u00e9e est le festival incontournable des Rencontres dArles. Elle se d\u00e9roule dans les Papeteries \u00c9tienne du quartier Trinquetaille. Cette soir\u00e9e douverture de la semaine ouvre la vari\u00e9t\u00e9 des pratiques artistiques associ\u00e9es \u00e0 limage. Il pr\u00e9sente les coups de c\u0153ur de lann\u00e9e, propose aux artistes, institutions, magazines une licence rendez-vous dans votre boite email et cliquez sur le lien pour finaliser votre inscription. <img decoding=\"async\" src=\"http:\/\/galeriebinome.com\/new\/wp-content\/uploads\/2018\/01\/Photo-Opportunities_Corinne-Vionnet_Rencontres_Arles_2011-1024x769.jpg\" alt=\"les rencontres de arles 2011\" align=\"center\"> La nouvelle exposition immersive Dal\u00ed, l\u00e9nigme sans fin aux Carri\u00e8res de Lumi\u00e8res revient sur plus de 60 ann\u00e9es cr\u00e9atrices du ma\u00eetre catalan qui a parcouru et invent\u00e9 plusieurs styles artistiques. Lexposition, dont les cinq cosignataires du manifeste sont aussi les commissaires, sappelle From Here On. Traduire par A partir de maintenant. Parce qu\u00e0 partir de maintenant, les choses seront diff\u00e9rentes. On ne reviendra plus en arri\u00e8re, et il va falloir prendre ces iconoclastes au s\u00e9rieux. Cest le beau scandale dArles 2011, son geste esth\u00e9tique, plus stimulant que provocateur : faire bouger les lignes en ouvrant la Mecque des festivals de photo \u00e0 ces hommes sans cam\u00e9ra, ces geeks se passant de tout savoir-faire technique, envoy\u00e9s sp\u00e9ciaux revenus de tout jetant depuis chez eux une ironie gla\u00e7ante sur un pr\u00e9sent de plus en plus num\u00e9ris\u00e9. Ils se photographient en chemisette hawa\u00efenne, la banane aux l\u00e8vres et lair ahuri, en copi\u00e9-coll\u00e9 sur des photos des sites volcaniques les plus dangereux du monde Thomas Mailander et son Extreme Tourism. Ils cherchent la petite b\u00eate, compilant des photos de webcam sur lesquelles des queues doiseaux couvrent en partie l\u00e9cran Kurt Caviezel. Ils accolent des dizaines de photos du dictateur nord-cor\u00e9en Kim Jong-il tripotant d\u00e9magogiquement des l\u00e9gumes sur des march\u00e9s Marc Bohr et son blog kimjongillookingatthings.tumblr.com.<\/p>\n","protected":false},"excerpt":{"rendered":"<p>les rencontres de arles 2011<\/p>\n","protected":false},"author":1,"featured_media":0,"comment_status":"closed","ping_status":"closed","sticky":false,"template":"","format":"standard","meta":{"footnotes":""},"categories":[1],"tags":[],"_links":{"self":[{"href":"http:\/\/bauclassroom.com\/info\/wp-json\/wp\/v2\/posts\/7823"}],"collection":[{"href":"http:\/\/bauclassroom.com\/info\/wp-json\/wp\/v2\/posts"}],"about":[{"href":"http:\/\/bauclassroom.com\/info\/wp-json\/wp\/v2\/types\/post"}],"author":[{"embeddable":true,"href":"http:\/\/bauclassroom.com\/info\/wp-json\/wp\/v2\/users\/1"}],"replies":[{"embeddable":true,"href":"http:\/\/bauclassroom.com\/info\/wp-json\/wp\/v2\/comments?post=7823"}],"version-history":[{"count":1,"href":"http:\/\/bauclassroom.com\/info\/wp-json\/wp\/v2\/posts\/7823\/revisions"}],"predecessor-version":[{"id":7824,"href":"http:\/\/bauclassroom.com\/info\/wp-json\/wp\/v2\/posts\/7823\/revisions\/7824"}],"wp:attachment":[{"href":"http:\/\/bauclassroom.com\/info\/wp-json\/wp\/v2\/media?parent=7823"}],"wp:term":[{"taxonomy":"category","embeddable":true,"href":"http:\/\/bauclassroom.com\/info\/wp-json\/wp\/v2\/categories?post=7823"},{"taxonomy":"post_tag","embeddable":true,"href":"http:\/\/bauclassroom.com\/info\/wp-json\/wp\/v2\/tags?post=7823"}],"curies":[{"name":"wp","href":"https:\/\/api.w.org\/{rel}","templated":true}]}}