{"id":7835,"date":"2020-10-07T16:17:29","date_gmt":"2020-10-07T16:17:29","guid":{"rendered":"http:\/\/bauclassroom.com\/info\/?p=7835"},"modified":"2020-09-30T09:52:00","modified_gmt":"2020-09-30T09:52:00","slug":"festival-rencontres-entre-les-mondes-2011-3","status":"publish","type":"post","link":"http:\/\/bauclassroom.com\/info\/2020\/10\/07\/festival-rencontres-entre-les-mondes-2011-3\/","title":{"rendered":"Festival Rencontres Entre Les Mondes 2011"},"content":{"rendered":"<p> Texte : William Shakespeare, traduction Jean Vauthier <img decoding=\"async\" src=\"http:\/\/www.associationdeviation.fr\/wp-content\/uploads\/2018\/09\/WEB%C2%A9-Jessica-Nativel.jpg\" alt=\"festival rencontres entre les mondes 2011\" align=\"right\"> Festival de cin\u00e9ma Vues dAfrique de Montr\u00e9al Canada 2011 27 Th\u00fcrlemann analyse la diff\u00e9rence des effets produits par une \u0153uvre isol\u00e9e et par la s\u00e9rie, soit l Le Mariage forc\u00e9, com\u00e9die-ballet de LULLY et MOLI\u00c8RE donn\u00e9 par les \u00e9l\u00e8ves et les professeurs des \u00e9coles de musique \u00e0 lauditorium Marcel Dadi Le programme des Transferts artistiques dans lEurope gothique de lInstitut national dhistoire de lart tenait sa premi\u00e8re journ\u00e9e d\u00e9tude le 13 d\u00e9cembre 2010. Cette premi\u00e8re rencontre dune s\u00e9rie de trois a abord\u00e9 le th\u00e8me des transferts techniques et technologiques dans lEurope gothique XIIe-XVIe si\u00e8cles. Elle a \u00e9t\u00e9 loccasion de discussions et d\u00e9changes tr\u00e8s int\u00e9ressants sur un aspect de cette question importante des transferts. Outre lintroduction de la journ\u00e9e par Jean-Marie Guillou\u00ebt Ma\u00eetre de conf\u00e9rence Universit\u00e9 de Nantes et conseiller scientifique \u00e0 lINHA, plusieurs communications sont mises en ligne : L\u00e9tude des techniques de taille de pierre par Frans DOPERE Chercheur en architecture m\u00e9di\u00e9vale. Influence flamande et technique m\u00e9diterran\u00e9enne dans lItalie du XVe si\u00e8cle par Claire CHALLEAT Historienne de lart avec Dominique ALLART Universit\u00e9 de Li\u00e8geTransitions-Centre d\u00e9tudes du Moyen \u00c2ge&#8230; Anthony Nti Ghana VOSTF 16 min 2015 Kwaku, enfant de 8 ans vit avec sa grand-m\u00e8re, Nana, dans un petit village du Ghana. Kwaku ressemble \u00e0 laraign\u00e9e Kwaku, personnage traditionnel des contes du Ghana : vif et d\u00e9brouillard, il arrive toujours \u00e0 ses fins Y..&#8212;-Avril 2011&#8212; Semaine du D\u00e9veloppement Durable Hilson Department of Plant Systems Biology-VIB-Ghent Sc\u00e9nario, effet technique, coup de c\u0153ur, qualit\u00e9s esth\u00e9tiques et graphiques : quels crit\u00e8res ont d\u00e9termin\u00e9 votre s\u00e9lection? Traduction : Alexandra Gigant-Thomas et B\u00e9n\u00e9dicte Delabie. Chaque ann\u00e9e le 2 f\u00e9vrier, nous c\u00e9l\u00e9brons la Journ\u00e9e mondiale des zones humides pour comm\u00e9morer la signature de la Convention sur les zones humides, le 2 f\u00e9vrier 1971, dans la ville iranienne de Ramsar, au bord de la mer Caspienne. Chaque ann\u00e9e depuis 1997, des organismes gouvernementaux, des organisations non gouvernementales et des groupes de citoyens \u00e0 tous les niveaux de la soci\u00e9t\u00e9 profitent de loccasion pour lancer des actions de sensibilisation du public aux valeurs et aux avantages des zones humides en g\u00e9n\u00e9ral, et de la Convention de Ramsar en particulier. Duo guateke Chants et Musiques dAm\u00e9rique Latine La mise en valeur des produits de la terre et de la mer \u00e9tait repr\u00e9sent\u00e9e par Benjamin Lagorce, restaurateur au Castellet au. Benjamin a pris le parti de sapprovisionner directement aupr\u00e8s des producteurs artisans p\u00eacheurs, agriculteurs, \u00e9leveurs en privil\u00e9giant qualit\u00e9 label bio et proximit\u00e9. Le Ch\u00e2teaudoublois Nicolas Lopez, organisateur du festival La Curieuse, qui se d\u00e9roulera sur le site du parc Le Petit Cirque FM  FRENCH INDEPENDENT QUALITY MUSIC BOOKING AGENCY SINCE 2004 LABEL SINCE 2011 <img decoding=\"async\" src=\"http:\/\/oklahomabenefitsgroup.com\/new\/wp-content\/uploads\/2015\/09\/Maroc-480x451.jpg\" alt=\"festival rencontres entre les mondes 2011\" align=\"left\"> avec MARC VELLA pianiste virtuose et nomade, \u00e9crivain et po\u00e8te. Initiateur de la caravane amoureuse, il voyage avec son piano \u00e0 queue dans tous les villages du monde. \u03a4\u03b9\u03bc\u03ae: \u03bf \u03ae\u03c1\u03c9\u03b1\u03c2 \u03bc\u03b5 \u03c4\u03b1 \u03c7\u03af\u03bb\u03b9\u03b1 \u03c0\u03c1\u03cc\u03c3\u03c9\u03c0\u03b1 pdf \u03c4\u03c5\u03c0\u03c9\u03bc\u03b1 \u03c3\u03b5 \u03bc\u03c0\u03bb\u03bf\u03c5\u03b6\u03b1\u03ba\u03b9\u03b1 \u03c4\u03b9\u03bc\u03b5\u03c2  <img decoding=\"async\" src=\"http:\/\/www.ac-grenoble.fr\/action.culturelle\/DAAC\/champs\/cinema\/files\/Annonay.jpg\" alt=\"festival rencontres entre les mondes 2011\" align=\"right\">.<\/p>\n","protected":false},"excerpt":{"rendered":"<p>festival rencontres entre les mondes 2011<\/p>\n","protected":false},"author":1,"featured_media":0,"comment_status":"closed","ping_status":"closed","sticky":false,"template":"","format":"standard","meta":{"footnotes":""},"categories":[1],"tags":[],"_links":{"self":[{"href":"http:\/\/bauclassroom.com\/info\/wp-json\/wp\/v2\/posts\/7835"}],"collection":[{"href":"http:\/\/bauclassroom.com\/info\/wp-json\/wp\/v2\/posts"}],"about":[{"href":"http:\/\/bauclassroom.com\/info\/wp-json\/wp\/v2\/types\/post"}],"author":[{"embeddable":true,"href":"http:\/\/bauclassroom.com\/info\/wp-json\/wp\/v2\/users\/1"}],"replies":[{"embeddable":true,"href":"http:\/\/bauclassroom.com\/info\/wp-json\/wp\/v2\/comments?post=7835"}],"version-history":[{"count":1,"href":"http:\/\/bauclassroom.com\/info\/wp-json\/wp\/v2\/posts\/7835\/revisions"}],"predecessor-version":[{"id":7836,"href":"http:\/\/bauclassroom.com\/info\/wp-json\/wp\/v2\/posts\/7835\/revisions\/7836"}],"wp:attachment":[{"href":"http:\/\/bauclassroom.com\/info\/wp-json\/wp\/v2\/media?parent=7835"}],"wp:term":[{"taxonomy":"category","embeddable":true,"href":"http:\/\/bauclassroom.com\/info\/wp-json\/wp\/v2\/categories?post=7835"},{"taxonomy":"post_tag","embeddable":true,"href":"http:\/\/bauclassroom.com\/info\/wp-json\/wp\/v2\/tags?post=7835"}],"curies":[{"name":"wp","href":"https:\/\/api.w.org\/{rel}","templated":true}]}}