{"id":7857,"date":"2020-10-07T13:24:08","date_gmt":"2020-10-07T13:24:08","guid":{"rendered":"http:\/\/bauclassroom.com\/info\/?p=7857"},"modified":"2020-09-30T11:01:01","modified_gmt":"2020-09-30T11:01:01","slug":"rencontres-theatrales-du-pays-de-la-lys-3","status":"publish","type":"post","link":"http:\/\/bauclassroom.com\/info\/2020\/10\/07\/rencontres-theatrales-du-pays-de-la-lys-3\/","title":{"rendered":"Rencontres Th\u00e9\u00e2trales Du Pays De La Lys"},"content":{"rendered":"<p>Attention! tous les 2 ans! prochaine \u00e9dition en 2007 Pierres M\u00e9taux et Sels : Or, rubis, phosphate de magn\u00e9sium et de sodium.  Moli\u00e8re sur la Route J.P Cathala. Cie AVANT-QUART Aude. M E. S. : Jean-Paul Cathala. Concern\u00e9es : une classe de Cr\u00e9cy sur Serre, deux classes de Tavaux et une classe de Barenton Bugny. Temps fort autour d Assoiff\u00e9s de Wajdi Mouawad du 28 mai au t\u00e9l : 03 89 57 30 57 AQUITAINE : DORDOGNE 24, GIRONDE 33, LANDES 40, LOT-ET-GARONNE 47, PYRENEES-ATLANTIQUES 64 <img decoding=\"async\" src=\"http:\/\/canknot.gq\/wp-content\/uploads\/2018\/05\/Dating-Facebook-lance-un-service-de-rencontres-dans-son-application.jpg\" alt=\"rencontres th\u00e9\u00e2trales du pays de la lys\" align=\"left\"> Contact : ISTF-Bij Sint-Jacobs 18-B-9000 Gent Belgium Exil-sc\u00e8nes dint\u00e9rieur th\u00e9\u00e2tre dappartement La Charte du Mand\u00e9 Youssouf Tata Siss\u00e9-Th\u00e9\u00e2tre \u00e0 Propos-M.e.s. : Christophe Montrose. En partenariat avec le Th\u00e9\u00e2tre Ath\u00e9nor Th\u00e9\u00e2tralal\u00e8re avec Catherine Verlaguet La pand\u00e9mie du nouveau coronavirus a d\u00e9clench\u00e9 une crise sanitaire \u00e0 l\u00e9chelle mondiale dont les cons\u00e9quences sur le monde de la culture sont terribles. Annulation de festivals, fermetures de salles <img decoding=\"async\" src=\"http:\/\/www.oneswpitch.cf\/uploads\/Image\/4f\/11771_275_carte-cci-2018.png\" alt=\"rencontres th\u00e9\u00e2trales du pays de la lys\" align=\"center\"> rencontres entre jeunes pratiquant le th\u00e9\u00e2tre au sein dateliers dans les lyc\u00e9es du Finist\u00e8re. 08-12.05.2013: La 7e Poya dEstavannens d\u00e9roulera ses fastes du 8 au 12 mai 2013, durant le week-end de lAscension. Outre les traditionnels messe et cort\u00e8ge, un grand spectacle choral et instrumental couronnera la f\u00eate articul\u00e9e sur le th\u00e8me Sacr\u00e9es montagnes. Cette rencontre est mod\u00e9r\u00e9e par, enseignant-chercheur en \u00e9tudes shakespeariennes et th\u00e9\u00e2tre anglophone \u00e0 lUniversit\u00e9 de Rennes 2.  Ile-de-France-Le 1er JUIN DES ECRITURES THEATRALES JEUNESSE vous b\u00e9n\u00e9ficiez dune r\u00e9duction imm\u00e9diate sur le prix du billet au Centre culturel Pablo Picasso, au TIL-Th\u00e9\u00e2tre IciL\u00e0 et \u00e0 la Cie du Jarnisy Th\u00e9\u00e2tre-Maison dElsa et un tarif partenaire dans dautres structures Votre chemin de vie est li\u00e9 au nombre 2, Ernest ; il vous invite \u00e0 une existence marqu\u00e9e par la collaboration, lesprit d\u00e9quipe. Les activit\u00e9s id\u00e9ales sont celles du conciliateur, du m\u00e9diateur. Vous devrez d\u00e9velopper vos facult\u00e9s dinsertion sociale et compter sur certaines associations pour r\u00e9aliser votre cheminement. Loin de faire cavalier seul, vous cherchez \u00e0 vous entourer de mani\u00e8re optimale : lunion fait votre force. Aussi choisirez-vous avec un soin tout particulier vos collaborateurs. Sur le plan professionnel, vous \u00eates le partenaire id\u00e9al, apte \u00e0 tenir compte des sp\u00e9cificit\u00e9s de chacun, \u00e0 sint\u00e9grer au sein dune \u00e9quipe. Reste cependant \u00e0 d\u00e9velopper un sens des initiatives qui vous fait parfois d\u00e9faut car votre timidit\u00e9, doubl\u00e9e dune certaine na\u00efvet\u00e9, peut vous emp\u00eacher de sortir des sentiers battus et parfois vous amener \u00e0 vous satisfaire des seuls acquis. On ne peut compter en certaines circonstances que sur soi-m\u00eame! Pour r\u00e9aliser vos desseins et ambitions, il vous faudra trouver un bon compromis entre lassociation et la d\u00e9termination personnelle.  <img decoding=\"async\" src=\"http:\/\/www.laligue-npdc.org\/medias\/images\/actualites\/affiche%20Vimy_crop.jpg\" alt=\"rencontres th\u00e9\u00e2trales du pays de la lys\" align=\"left\"> quils navaient jamais atteint jusque-l\u00e0. Remarquable, extraordinaire, bouleversant, une Projet : A loccasion de la sortie de sa pi\u00e8ce T\u00eate de Linotte aux \u00e9ditions LEcole des Loisirs, Laurent Contamin pr\u00e9sentera son livre au public \u00e0 la librairie LiraGif, de Gif sur Yvette, en pr\u00e9sence de Brigitte Smadja et de chercheurs de lInstitut de Neurobiologie Alfred Fessard de Gif-sur-Yvette, o\u00f9 le texte est n\u00e9. Caract\u00e9rologie : Emotif, Actif, Secondaire. Cest un Passionn\u00e9. Dans son \u00e9dition doctobre 2016, LEcho du Pas-de-Calais d\u00e9die une page \u00e0 laction de Lire et Faire Lire dans le d\u00e9partement.<\/p>\n","protected":false},"excerpt":{"rendered":"<p>rencontres th\u00e9\u00e2trales du pays de la lys<\/p>\n","protected":false},"author":1,"featured_media":0,"comment_status":"closed","ping_status":"closed","sticky":false,"template":"","format":"standard","meta":{"footnotes":""},"categories":[1],"tags":[],"_links":{"self":[{"href":"http:\/\/bauclassroom.com\/info\/wp-json\/wp\/v2\/posts\/7857"}],"collection":[{"href":"http:\/\/bauclassroom.com\/info\/wp-json\/wp\/v2\/posts"}],"about":[{"href":"http:\/\/bauclassroom.com\/info\/wp-json\/wp\/v2\/types\/post"}],"author":[{"embeddable":true,"href":"http:\/\/bauclassroom.com\/info\/wp-json\/wp\/v2\/users\/1"}],"replies":[{"embeddable":true,"href":"http:\/\/bauclassroom.com\/info\/wp-json\/wp\/v2\/comments?post=7857"}],"version-history":[{"count":1,"href":"http:\/\/bauclassroom.com\/info\/wp-json\/wp\/v2\/posts\/7857\/revisions"}],"predecessor-version":[{"id":7858,"href":"http:\/\/bauclassroom.com\/info\/wp-json\/wp\/v2\/posts\/7857\/revisions\/7858"}],"wp:attachment":[{"href":"http:\/\/bauclassroom.com\/info\/wp-json\/wp\/v2\/media?parent=7857"}],"wp:term":[{"taxonomy":"category","embeddable":true,"href":"http:\/\/bauclassroom.com\/info\/wp-json\/wp\/v2\/categories?post=7857"},{"taxonomy":"post_tag","embeddable":true,"href":"http:\/\/bauclassroom.com\/info\/wp-json\/wp\/v2\/tags?post=7857"}],"curies":[{"name":"wp","href":"https:\/\/api.w.org\/{rel}","templated":true}]}}