{"id":7883,"date":"2020-10-07T20:11:19","date_gmt":"2020-10-07T20:11:19","guid":{"rendered":"http:\/\/bauclassroom.com\/info\/?p=7883"},"modified":"2020-09-30T12:10:11","modified_gmt":"2020-09-30T12:10:11","slug":"a-la-rencontre-de-notre-fils-sacha-3","status":"publish","type":"post","link":"http:\/\/bauclassroom.com\/info\/2020\/10\/07\/a-la-rencontre-de-notre-fils-sacha-3\/","title":{"rendered":"A La Rencontre De Notre Fils Sacha"},"content":{"rendered":"<p>Avec : Sacha Guitry Philippe de Morannes, Gaby Morlay Paulette Nanteuil, Nous utilisons des cookies pour vous garantir la meilleure exp\u00e9rience sur notre site. Si vous continuez \u00e0 utiliser ce dernier, nous consid\u00e9rerons que vous acceptez lutilisation des cookies. Cest pas si mal et elle na pas de probl\u00e8me de croissance elle prend des g\u00e9lules de magn\u00e9sium et om\u00e9ga 3 tous les matins, mais l\u00e0, cest la collectivit\u00e9 qui se complexifie: sil ny a rien qui fait partie de la liste \u00e0 la cantine viandes en sauce, l\u00e9gumes, saucisse, elle ne mange rien et je vous laisse imaginer lattitude des surveillants grosses angoisses au d\u00e9jeuner et m\u00eame un petit malaise et puis elle se sent \u00e0 part parce que les autres ne comprennent pas pourquoi elle a droit de ne pas finir son assiette alors que les autres si. Pour en \u00eatre s\u00fbr il faut consulter une orthophoniste. Le plus difficile est d en trouver une qui soit form\u00e9e \u00e0 ce sympt\u00f4me. Au nom de toute notre \u00e9quipe, un grand merci pour vos compliments \u00e0 l\u00e9gard de notre \u00e9tablissement! Ce tour du monde est avant tout un commencement, un parcours initiatique entre p\u00e8re,?ls, enfant et monde des grands. Un pied \u00e0 l?\u00e9trier de nos futures destin\u00e9es.  quil est train d\u00e9crire ne comporte pour une fois pas de r\u00f4le pour lui,  La comtesse de Morhange, Lana Marconi La marquise de Pralognan 1h29. Terre. Tout l\u00e9t\u00e9, les cinq \u00e9l\u00e9ments revisit\u00e9s par des photographes. Aujourdhui, Philippe Braquenier met en images les convictions platistes. Guitry 1885-1957, auteur 124 pi\u00e8ces de th\u00e9\u00e2tre, com\u00e9dien, r\u00e9alisateur 36 img alt srchttp:www.genereves.fruploaded2012-05-10-2024-jpg.jpgp Il savait, quand il le fallait, prendre position. Il signa lAppel de Stockholm et fit partie du Comit\u00e9 National du Mouvement de la Paix; il fut d\u00e9l\u00e9gu\u00e9 suppl\u00e9ant de Paris au Congr\u00e8s Mondial de la Paix \u00e0 Sheffield, en 1950. Mais il ne jetait pas \u00e0 la t\u00eate du premier venu ses opinions personnelles. Comme l\u00e9crivit Fran\u00e7ois Mauriac au lendemain de sa mort: En d\u00e9pit de sa merveilleuse r\u00e9ussite, il ne demeurait pas indiff\u00e9rent \u00e0 la souffrance des hommes. L\u00e0 encore, G\u00e9rard Philipe tendait \u00e0 se d\u00e9passer, \u00e0 aller sans cesse plus loin. Mais si le jeu \u00e9tait dabord, pour G\u00e9rard Philipe comme pour tout cr\u00e9ateur, la volont\u00e9 de se r\u00e9aliser, c\u00e9tait aussi un message, une fa\u00e7on daller vers les autres. Il avait conscience du r\u00f4le social du com\u00e9dien: Lacteur quand il cr\u00e9e, est avec le public. Et il pr\u00e9cisait dans un article de Bref: Je pense que sil y a diff\u00e9rentes formes, diff\u00e9rents niveaux de culture dans le public, il ny a pas diff\u00e9rentes formes desprit. Aussi tout le monde est-il appel\u00e9 \u00e0 \u00eatre touch\u00e9 par les oeuvres de grande envergure, pour ne pas dire les chefs-doeuvre.  <img decoding=\"async\" src=\"http:\/\/dandylan3.free.fr\/canalblog2012\/supermamika01.jpg\" alt=\"a la rencontre de notre fils sacha\" align=\"right\"> <img decoding=\"async\" src=\"http:\/\/www.lefigaro.fr\/medias\/2013\/10\/25\/PHO6ee40898-3d76-11e3-a638-42be94fc1816-805x453.jpg\" alt=\"a la rencontre de notre fils sacha\" align=\"left\"> pour sa fille, la belle Virginie; lopulente tenanci\u00e8re du caf\u00e9, Jean Marie Bigard nous fait le grand plaisir daccepter d\u00eatre parrain de notre association. Cest une fa\u00e7on dofficialiser son r\u00f4le au sein de lassociation puisquil est pr\u00e9sent depuis quelques mois d\u00e9j\u00e0, au c\u00f4t\u00e9 de David Journo, pour le soutenir dans son combat. <img decoding=\"async\" src=\"http:\/\/idata.over-blog.com\/3\/23\/10\/51\/2010-05-VAL-DE-VIENNE-RPS\/DSC07047.JPG\" alt=\"a la rencontre de notre fils sacha\" align=\"left\"> Nh\u00e9sitez plus, participez \u00e0 cette formidable soir\u00e9e, faites vous plaisir et apporter un peu de bonheur aux enfants par la m\u00eame occasion.<\/p>\n","protected":false},"excerpt":{"rendered":"<p>a la rencontre de notre fils sacha<\/p>\n","protected":false},"author":1,"featured_media":0,"comment_status":"closed","ping_status":"closed","sticky":false,"template":"","format":"standard","meta":{"footnotes":""},"categories":[1],"tags":[],"_links":{"self":[{"href":"http:\/\/bauclassroom.com\/info\/wp-json\/wp\/v2\/posts\/7883"}],"collection":[{"href":"http:\/\/bauclassroom.com\/info\/wp-json\/wp\/v2\/posts"}],"about":[{"href":"http:\/\/bauclassroom.com\/info\/wp-json\/wp\/v2\/types\/post"}],"author":[{"embeddable":true,"href":"http:\/\/bauclassroom.com\/info\/wp-json\/wp\/v2\/users\/1"}],"replies":[{"embeddable":true,"href":"http:\/\/bauclassroom.com\/info\/wp-json\/wp\/v2\/comments?post=7883"}],"version-history":[{"count":1,"href":"http:\/\/bauclassroom.com\/info\/wp-json\/wp\/v2\/posts\/7883\/revisions"}],"predecessor-version":[{"id":7884,"href":"http:\/\/bauclassroom.com\/info\/wp-json\/wp\/v2\/posts\/7883\/revisions\/7884"}],"wp:attachment":[{"href":"http:\/\/bauclassroom.com\/info\/wp-json\/wp\/v2\/media?parent=7883"}],"wp:term":[{"taxonomy":"category","embeddable":true,"href":"http:\/\/bauclassroom.com\/info\/wp-json\/wp\/v2\/categories?post=7883"},{"taxonomy":"post_tag","embeddable":true,"href":"http:\/\/bauclassroom.com\/info\/wp-json\/wp\/v2\/tags?post=7883"}],"curies":[{"name":"wp","href":"https:\/\/api.w.org\/{rel}","templated":true}]}}