{"id":7889,"date":"2020-10-07T04:00:10","date_gmt":"2020-10-07T04:00:10","guid":{"rendered":"http:\/\/bauclassroom.com\/info\/?p=7889"},"modified":"2020-09-30T12:36:39","modified_gmt":"2020-09-30T12:36:39","slug":"rencontre-hollande-merkel-tapis-rouge-3","status":"publish","type":"post","link":"http:\/\/bauclassroom.com\/info\/2020\/10\/07\/rencontre-hollande-merkel-tapis-rouge-3\/","title":{"rendered":"Rencontre Hollande Merkel Tapis Rouge"},"content":{"rendered":"<p>Apr\u00e8s avoir raccompagn\u00e9 M. Hollande dans la cour dhonneur, Emmanuel Macron se verra remettre les insignes de Grand Croix de la L\u00e9gion dhonneur puis assistera \u00e0 la proclamation du r\u00e9sultat officiel de l\u00e9lection pr\u00e9sidentielle par le pr\u00e9sident du Conseil constitutionnel Laurent Fabius. Lors de lenregistrement de l\u00e9mission P\u00e9kin express aux Philippines, lanimateur St\u00e9phane Rosenberg enregistrait des teasings tout en conduisant un side-car lorsquil a perdu le contr\u00f4le de son engin qui a \u00e9t\u00e9 percut\u00e9 de plein fouet par une voiture qui arrivait en sens inverse. Quelques \u00e9gratignures \u00e0 d\u00e9plorer mais un \u00e9norme buzz \u00e0 la cl\u00e9! Finalement, je me demande si il est bien normal ce pr\u00e9sident! Envoy\u00e9s sp\u00e9ciaux Fran\u00e7ois Hollande officiellement investi 7e pr\u00e9sident de la Ve R\u00e9publique <img decoding=\"async\" src=\"http:\/\/www.afrikipresse.fr\/media\/k2\/items\/cache\/661d42fdef7183d32020b709dcb07dbd_XL.jpg\" alt=\"rencontre hollande merkel tapis rouge\" align=\"left\"> Une \u0153uvre de Banksy, vol\u00e9e au Bataclan en 2019, aurait \u00e9t\u00e9 retrouv\u00e9e en Italie Passation des pouvoirs 23h45: Hollande a rencontr\u00e9 Merkel \u00e0 Berlin-PHOTOS Slate.fr Ils ont aussi longuement \u00e9voqu\u00e9 les n\u00e9gociations dadh\u00e9sion de la Turquie \u00e0 lUnion europ\u00e9enne. Le pr\u00e9sident turc a remerci\u00e9 Fran\u00e7ois Hollande pour son attitude positive, l\u00e0 o\u00f9 son pr\u00e9d\u00e9cesseur avait publiquement estim\u00e9 que si la Turquie \u00e9tait europ\u00e9enne, \u00e7a se saurait. Abdullah G\u00fcl a demand\u00e9 \u00e0 ce quaucune hypoth\u00e8que politique ne vienne perturber les n\u00e9gociations, qualifi\u00e9es de processus technique ne pr\u00e9jugeant pas ladh\u00e9sion qui sera, elle, soumise \u00e0 lavis des peuples, notamment du peuple fran\u00e7ais. LAllemagne souhaitant la bienvenue aux r\u00e9fugi\u00e9s pouvait pr\u00e9tendre au magist\u00e8re moral de lEurope en d\u00e9fendant les droits de lhomme et la tradition daccueil de la R\u00e9volution fran\u00e7aise, quand la France se repliait sur elle-m\u00eame par crainte de r\u00e9actions nationalistes et x\u00e9nophobes des ph\u00e9nom\u00e8nes auxquels lAllemagne se trouvent bien \u00e9videmment elle aussi confront\u00e9e, en particulier dans sa partie orientale qui ne partage pas encore pleinement la culture politique de lAllemagne occidentale lib\u00e9rale. Mais si on y avait regard\u00e9 de plus pr\u00e8s, on aurait vu \u00e9galement que lAllemagne navait pas simplement un point de vue ang\u00e9liquement humanitaire et quelle \u00e9tait tout aussi dispos\u00e9e \u00e0 mener une politique r\u00e9aliste pour r\u00e9guler le flux des migrants, garantir les fronti\u00e8res ext\u00e9rieures de lEurope, aider les r\u00e9fugi\u00e9s sur place, l\u00e0 o\u00f9 ils ont \u00e9t\u00e9 accueillis en premier, aider les pays partenaires \u00e0 fixer les r\u00e9fugi\u00e9s chez eux. <img decoding=\"async\" src=\"http:\/\/denistouret.fr\/constit\/hollande-royal-felipe-espagne-juin2015.jpg\" alt=\"rencontre hollande merkel tapis rouge\" align=\"center\"> La deuxi\u00e8me \u00e9dition du Dakar en Arabie Saoudite, du 3 au 15 janvier 2021, proposera une boucle autour de Jeddah, dans les terres puis le long de la c\u00f4te, selon le parcours d\u00e9voil\u00e9 jeudi par son organisateur ASO. Le nouveau couple pr\u00e9sidentiel. Patrick Kovarik- Professeur Tournesol : \u00e0 mes yeux, le concept de normalit\u00e9 est totalement absurde. Il ne prend sens que dans le rapport \u00e0 Nicolas Sarkozy consid\u00e9r\u00e9 comme un \u00eatre anormal, et dans ce seul contexte, au demeurant tr\u00e8s discutable. Extrayez le concept de normalit\u00e9 appliqu\u00e9 \u00e0 Hollande de son rapport avec un Sarkozy fou et il devient absurde. Au regard des valeurs de la gauche par exemple, qui r\u00e9fute le terme de normalit\u00e9 comme une forme de tyrannie et de machine \u00e0 exclusion avec raison. Citons au choix les homosexuels, les \u00e9trangers, les chomeurs, les \u00e9trangers parmi ceux qui peuvent \u00eatre victimes de lid\u00e9e de normalit\u00e9. Au regard de la politique ensuite, o\u00f9 la notion de normalit\u00e9 na pas de sens d\u00e8s lors que la fonction pr\u00e9sidentielle est par d\u00e9finition exceptionnelle. Au regard de la psychologie et de la psychiatrie qui ne me paraissent pas \u00eatre en mesure de d\u00e9finir une normalit\u00e9. Au regard de notre histoire qui na jamais connu de dirigeant normal. A titre personnel enfin, la notion de normalit\u00e9 me fait fr\u00e9mir. Si \u00eatre normal, cest appartenir au public que ciblent les publicitaires pour vendre au choix un yaourt, une bagnole ou une lessive, alors dieu fasse que je ne sois jamais normale. En tout cas je memploierai de toutes mes forces \u00e0 ne jamais le devenir Nous sommes heureux que vous voulez nous donner vos commentaires. Sil vous pla\u00eet noter les r\u00e8gles suivantes \u00e0 lavance: La r\u00e9daction se r\u00e9serve le droit de ne pas publier des commentaires. Ceci sapplique en g\u00e9n\u00e9ral, mais surtout pour les propos diffamatoires, racistes, hors de propos, hors-sujet des commentaires, ou ceux en langues \u00e9trang\u00e8res ou dialecte. Commentaires des noms de fantaisie, ou avec des noms manifestement fausses ne sont pas publi\u00e9s non plus. Plus les d\u00e9cisions de la r\u00e9daction nest ni responsable d\u00e9pos\u00e9e, ni en dehors de la correspondance. Renseignements t\u00e9l\u00e9phoniques ne seront pas fournis. L\u00e9diteur se r\u00e9serve le droit \u00e9galement \u00e0 r\u00e9duire les commentaires des lecteurs. Sil vous pla\u00eet noter que votre commentaire aussi sur Google et autres moteurs de recherche peuvent \u00eatre trouv\u00e9s et que les \u00e9diteurs ne peuvent rien et est de supprimer un commentaire une fois \u00e9mis dans lindex des moteurs de recherche.  Dans un registre plus convenu, la premi\u00e8re visite \u00e0 l\u00e9tranger effectu\u00e9e par Macron en tant que pr\u00e9sident fran\u00e7ais sera consacr\u00e9e \u00e0 lAllemagne. Nous nous sommes battus ensemble et nous pouvions et pouvons compter lun sur lautre, notamment pour la paix en Ukraine, a-t-elle aussi rappel\u00e9. Suivez les cours, les news et les analyses en direct depuis notre site web ou depuis nos applications mobiles.  Nutzen Sie zeit.de mit weniger Werbung und ohne Werbetracking f\u00fcr 1,20 Woche f\u00fcr Digital-Abonnenten nur 0,40 Woche. <img decoding=\"async\" src=\"http:\/\/article19.ma\/accueil\/wp-content\/uploads\/2017\/07\/59673011488c7bf8628b4567-1-740x431.jpg\" alt=\"rencontre hollande merkel tapis rouge\" align=\"left\">.<\/p>\n","protected":false},"excerpt":{"rendered":"<p>rencontre hollande merkel tapis rouge<\/p>\n","protected":false},"author":1,"featured_media":0,"comment_status":"closed","ping_status":"closed","sticky":false,"template":"","format":"standard","meta":{"footnotes":""},"categories":[1],"tags":[],"_links":{"self":[{"href":"http:\/\/bauclassroom.com\/info\/wp-json\/wp\/v2\/posts\/7889"}],"collection":[{"href":"http:\/\/bauclassroom.com\/info\/wp-json\/wp\/v2\/posts"}],"about":[{"href":"http:\/\/bauclassroom.com\/info\/wp-json\/wp\/v2\/types\/post"}],"author":[{"embeddable":true,"href":"http:\/\/bauclassroom.com\/info\/wp-json\/wp\/v2\/users\/1"}],"replies":[{"embeddable":true,"href":"http:\/\/bauclassroom.com\/info\/wp-json\/wp\/v2\/comments?post=7889"}],"version-history":[{"count":1,"href":"http:\/\/bauclassroom.com\/info\/wp-json\/wp\/v2\/posts\/7889\/revisions"}],"predecessor-version":[{"id":7890,"href":"http:\/\/bauclassroom.com\/info\/wp-json\/wp\/v2\/posts\/7889\/revisions\/7890"}],"wp:attachment":[{"href":"http:\/\/bauclassroom.com\/info\/wp-json\/wp\/v2\/media?parent=7889"}],"wp:term":[{"taxonomy":"category","embeddable":true,"href":"http:\/\/bauclassroom.com\/info\/wp-json\/wp\/v2\/categories?post=7889"},{"taxonomy":"post_tag","embeddable":true,"href":"http:\/\/bauclassroom.com\/info\/wp-json\/wp\/v2\/tags?post=7889"}],"curies":[{"name":"wp","href":"https:\/\/api.w.org\/{rel}","templated":true}]}}