{"id":7907,"date":"2020-10-07T17:51:08","date_gmt":"2020-10-07T17:51:08","guid":{"rendered":"http:\/\/bauclassroom.com\/info\/?p=7907"},"modified":"2020-09-30T13:38:19","modified_gmt":"2020-09-30T13:38:19","slug":"rencontre-apicultrice-3","status":"publish","type":"post","link":"http:\/\/bauclassroom.com\/info\/2020\/10\/07\/rencontre-apicultrice-3\/","title":{"rendered":"Rencontre Apicultrice"},"content":{"rendered":"<p>Apr\u00e8s un hiver chaotique entre un d\u00e9but de saison compliqu\u00e9 au niveau m\u00e9t\u00e9o et une fin de saison marqu\u00e9e par larriv\u00e9e du Coronavirus, M\u00e9tabief reprend progressivement ses activit\u00e9s pour pr\u00e9parer la saison estivale. Sous couvert des autorisations, la station du Haut-Doubs pourrait rouvrir \u00e0 compter du samedi 30 mai 2020. <img decoding=\"async\" src=\"http:\/\/img.over-blog-kiwi.com\/1\/56\/94\/26\/20171126\/ob_f00e32_benin-2-028.JPG\" alt=\"rencontre apicultrice\" align=\"right\">  LNR associ\u00e9 pour lanalyse de r\u00e9sidus de pesticides dans les denr\u00e9es alimentaires dorigine animale tel que le miel et les produits \u00e0 forte teneur en mati\u00e8re grasse A loccasion des APIdays qui se d\u00e9rouleront les 21 et 22 juin 2019, la CNR organise, en collaboration avec le Syndicat Apiculteur Bugiste deux journ\u00e9es dinformations, qui se tiendront \u00e0 la salle des f\u00eates de Belley, place des Terreaux, de 9 \u00e0 17 heures. Mardi 31 janvier, quatre classes de 6e du coll\u00e8ge La Gardonnenque ont assist\u00e9 au CDI, \u00e0 lintervention de Mme Bringollet, apicultrice bio du Rucher du Vernet \u00e0 N\u00eemes. Pierre Denauw est apiculteur \u00e0 Soignies. Soucieux de biodiversit\u00e9 et toujours \u00e0 la recherche du miel parfait, il parcourt la Wallonie pour soccuper de ses ruches diss\u00e9min\u00e9es dans bon nombre de parcs de ch\u00e2teaux. Passionn\u00e9 par son m\u00e9tier il anime r\u00e9guli\u00e8rement des groupes denfants \u00e0 la rencontre des abeilles. Aref sort plusieurs bocaux produits par Bybi. M\u00eame si la substance sucr\u00e9e et collante vient de la m\u00eame ville, sa saveur varie. Les abeilles butinent les fleurs pr\u00e9sentes le long des voix ferr\u00e9es, dans les jardins priv\u00e9s, les parcs ou les balcons. Vous pouvez m\u00eame faire la diff\u00e9rence entre les quartiers au go\u00fbt et savoir si le miel a \u00e9t\u00e9 r\u00e9colt\u00e9 au printemps, en hiver ou en automne. We wont support this browser soon. For a better experience, we recommend using another browser. Chaque semaine, les actualit\u00e9s de la plan\u00e8te et de la biodiversit\u00e9 dans la newsletter GEO Environnement One more step Please complete the security check to access www.pagesjaunes.fr Depuis le 16 septembre 2015, de nombreux foyers dA. Tumida ont \u00e9t\u00e9 observ\u00e9s en Calabre. Le ministre de lInt\u00e9rieur doit recevoir les officiers et commissaires de police ce vendredi Votre message a bien \u00e9t\u00e9 envoy\u00e9 aux \u00e9quipes du Jardin dAcclimatation. Envoyer \u00e0 ladresse e-mail Votre nom Votre adresse e-mail Jaccepte de recevoir des communications de la part de notre groupe A la rencontre dun apiculteur cubain Association Les ruchers du pays Morvan  <img decoding=\"async\" src=\"http:\/\/mediatheques.questembert-communaute.fr\/userfiles\/image\/2018%20Questembert%20visuels\/perho-1633342_960_720.jpg\" alt=\"rencontre apicultrice\" align=\"left\"> Inscrivez-vous et recevez gratuitement tous les jeudis une s\u00e9lection de lactualit\u00e9 locale. Visite de ruches et rencontre avec G\u00e9raldine, apicultrice passionn\u00e9e  <img decoding=\"async\" src=\"http:\/\/prim-corbenay.ac-besancon.fr\/wp-content\/uploads\/sites\/88\/2018\/07\/WP_20180511_004.jpg\" alt=\"rencontre apicultrice\" align=\"center\"> 2007 Projet \u00e0 dimension internationale autour de la relation de lhomme aux abeilles, de la cueillette, \u00e0 lapiculture industrielle. Cet apiculteur du Puy-de-D\u00f4me intervient, tous les ans, dans les classes de 6 e de cet \u00e9tablissement. Soucieux de sensibiliser les plus jeunes, il avait install\u00e9 quatre ruches sur le toit du coll\u00e8ge. Elles permettaient la r\u00e9colte de miel depuis l\u00e9t\u00e9 2012, et les enfants nen perdaient pas une miette. Le proc\u00e9d\u00e9 de pollinisation est une \u00e9tude scientifique en soi. Une abeille se pose sur les p\u00e9tales comme sur un terrain datterrissage, rappelle St\u00e9phanie et fonce vers le c\u0153ur de la fleur o\u00f9 se trouve l\u00e9tamine. Une abeille ne fait pas du miel avec du pollen mais avec le nectar des fleurs, pr\u00e9cise lapicultrice. Une fois s\u00e9lectionn\u00e9, elles le transportent dans leurs joues et, sauf accident comme la rencontre dun pr\u00e9dateur aguerri, reviennent toujours vers leur maison m\u00e8re. Les ventileuses Et si les agriculteurs, jardiniers ou botanistes locaux sunissaient aux acteurs du web? Cest le principe des rencontres Hackgriculture, propos\u00e9es par le collectif Nantes ville comestible qui vise \u00e0 m\u00ealer les \u00e9nergies locales pour penser la ville comestible. Avec le num\u00e9rique comme engrais.<\/p>\n","protected":false},"excerpt":{"rendered":"<p>rencontre apicultrice<\/p>\n","protected":false},"author":1,"featured_media":0,"comment_status":"closed","ping_status":"closed","sticky":false,"template":"","format":"standard","meta":{"footnotes":""},"categories":[1],"tags":[],"_links":{"self":[{"href":"http:\/\/bauclassroom.com\/info\/wp-json\/wp\/v2\/posts\/7907"}],"collection":[{"href":"http:\/\/bauclassroom.com\/info\/wp-json\/wp\/v2\/posts"}],"about":[{"href":"http:\/\/bauclassroom.com\/info\/wp-json\/wp\/v2\/types\/post"}],"author":[{"embeddable":true,"href":"http:\/\/bauclassroom.com\/info\/wp-json\/wp\/v2\/users\/1"}],"replies":[{"embeddable":true,"href":"http:\/\/bauclassroom.com\/info\/wp-json\/wp\/v2\/comments?post=7907"}],"version-history":[{"count":1,"href":"http:\/\/bauclassroom.com\/info\/wp-json\/wp\/v2\/posts\/7907\/revisions"}],"predecessor-version":[{"id":7908,"href":"http:\/\/bauclassroom.com\/info\/wp-json\/wp\/v2\/posts\/7907\/revisions\/7908"}],"wp:attachment":[{"href":"http:\/\/bauclassroom.com\/info\/wp-json\/wp\/v2\/media?parent=7907"}],"wp:term":[{"taxonomy":"category","embeddable":true,"href":"http:\/\/bauclassroom.com\/info\/wp-json\/wp\/v2\/categories?post=7907"},{"taxonomy":"post_tag","embeddable":true,"href":"http:\/\/bauclassroom.com\/info\/wp-json\/wp\/v2\/tags?post=7907"}],"curies":[{"name":"wp","href":"https:\/\/api.w.org\/{rel}","templated":true}]}}