{"id":795,"date":"2020-09-19T07:06:20","date_gmt":"2020-09-19T07:06:20","guid":{"rendered":"http:\/\/bauclassroom.com\/info\/?p=795"},"modified":"2020-09-19T07:01:50","modified_gmt":"2020-09-19T07:01:50","slug":"rencontre-personne-malentendante","status":"publish","type":"post","link":"http:\/\/bauclassroom.com\/info\/2020\/09\/19\/rencontre-personne-malentendante\/","title":{"rendered":"Rencontre Personne Malentendante"},"content":{"rendered":"<p>Pour les personnes sourdes ou malentendantes, la p\u00e9riode de confinement a parfois \u00e9t\u00e9 compliqu\u00e9e \u00e0 g\u00e9rer, d\u00e9sormais il faut se projeter dans le d\u00e9confinement, avec une difficult\u00e9 majeure : communiquer alors que le port du masque se g\u00e9n\u00e9ralise. Nos services pour les personnes sourdes ou malentendantes : Nous ne r\u00e9pondons pas aux questions de sant\u00e9 personnelles.  MDPH : Maison d\u00e9partementale des personnes handicap\u00e9es <img decoding=\"async\" src=\"http:\/\/api.ning.com\/files\/gv*qWGPHihvK*QVzouuN2yGTuWI1nmjh-wghWhUhyKob785vO9gcG0dipk6e2l94wPyN55-0VnI4DmoQpJqsHHDMQEWG5PZf\/Louhans_museddilapopulationsourde.jpg\" alt=\"rencontre personne malentendante\" align=\"right\"> Une interpr\u00e9tation en Langue des signes est assur\u00e9e par Dixit interpr\u00e9tation. POSITIVR est une marque d\u00e9pos\u00e9e de TRIBELEADR non mattis accumsan quis, commodo Aliquam dolor.  Ces dispositifs sont compos\u00e9s dune \u00e9quipe mixte sourde et entendant, de professionnels m\u00e9dicaux et param\u00e9dicaux ayant \u00e9t\u00e9 form\u00e9s \u00e0 la LSF, dinterpr\u00e8tes, dinterm\u00e9diateurs, de travailleurs sociaux etc. O\u00f9 les trouver? Continuer \u00e0 vous accompagner au mieux, dans cette p\u00e9riode, est capital pour nous. Nous sommes en train de nous organiser pour mettre en place des visios avec chacun de nos professionnels pour vous accompagner dans vos d\u00e9marches de recherche demploi, de compr\u00e9hension des cours qui vous seront donn\u00e9s par mail, \u00e9crit ou oral, compr\u00e9hension du fran\u00e7ais, vie quotidienne toute demande qui vous semble importante. 6Pour un enfant entendant, lapprentissage langagier commence avec loral, puis il y a une mise en relation de cet apprentissage premier avec l\u00e9crit. Chez le sourd, il ny a pas dembl\u00e9e cette mise en relation. Il na pas la possibilit\u00e9 de reconna\u00eetre dans les mots \u00e9crits, les mots parl\u00e9s autour de lui. Y aurait-il une attention et une m\u00e9moire essentiellement visuelles au d\u00e9but de son initiation \u00e0 la lecture? Cet apprentissage visuel de la lecture Ehri Robbins, 1992 ; Ecalle Magnan, 2002, page 101 et page 222, serait-il un apprentissage difficile pour le sourd? Il ny a pas dinterconnexion des fonctions cognitives comme chez lentendant, ce qui demande plus d \u00e9nergie mentale Lepot-Froment Clerebaut, 1996, page 77 ; Kelly Barac-Cikoja, 2007. Plus il y a de voies dacc\u00e8s au langage et de voies de m\u00e9morisation, plus lapprentissage est favoris\u00e9. De ce fait, la majorit\u00e9 des travaux montrent des difficult\u00e9s dapprentissage de la lecture chez les sourds revoir la fin de lintroduction de cet article ou voir notamment la recension des \u00e9tudes anglo-saxonnes de Quigley Paul, 1987 li\u00e9es \u00e0 un d\u00e9ficit phonologique pour les uns Alegria Leybaert, 1986, \u00e0 une absence de langue premi\u00e8re pour les autres \u00e9tant donn\u00e9 que les enfants sourds sont tr\u00e8s largement issus de parents entendants non signeurs King et Quigley, 1985 ; Marschark, 1993 ou selon dautres facteurs. Forums pour les consommateurs Des personnes sourdes ou malentendantes? port r\u00e9gulier de 2 appareils auditifs entre 3 et 18 ans Association Fran\u00e7aise pour lInformation et la D\u00e9fense des Sourds sExprimant Oralement Analyse de la voix chant\u00e9e en production chez des enfants sourds implant\u00e9s : \u00e9tude Adaptation des programmes t\u00e9l\u00e9vis\u00e9s aux personnes sourdes et malentendantes L Retrouvez sur cette page lensemble des informations mises \u00e0 disposition par lEtat pour r\u00e9aliser un masque pas \u00e0 pas dans le respect des sp\u00e9cifications de lAFNOR des sourds et malentendants. Elle sengage pour l\u00e9galit\u00e9 des droits et des chances  Javeau, C. 1990, 1992. Lenqu\u00eate par questionnaire. Bruxelles : Editions de lUniversit\u00e9 de Bruxelles. Entendant, les personnes sourdes sans atteinte vestibulaire et les personnes sourdes Le CIS doit \u00eatre \u00e0 m\u00eame de faciliter les contacts humains n\u00e9cessaires entre les personnes sourdes, leurs familles et diff\u00e9rents interlocuteurs, quels que soient leurs opinions ou points de vue sur la surdit\u00e9. Il assure la mise en r\u00e9seau de tous les partenaires, de mani\u00e8re \u00e0 offrir une information compl\u00e8te sur les modalit\u00e9s de compensation de la d\u00e9ficience auditive et sur les options \u00e9ducatives en pr\u00e9sence. En France, la surdit\u00e9 touche pr\u00e8s de 5 millions de personnes qui du fait de leur handicap, se retrouvent mis \u00e0 l\u00e9cart de toute vie sociale en ne pouvant communiquer ou t\u00e9l\u00e9phoner facilement avec leur entourage. <img decoding=\"async\" src=\"http:\/\/www.sourds.net\/wp-content\/uploads\/2017\/05\/2017-5-13.jpg\" alt=\"rencontre personne malentendante\" align=\"left\"> <img decoding=\"async\" src=\"http:\/\/inpes.santepubliquefrance.fr\/accessible\/docsHTML\/guideMalentendants\/img\/27.png\" alt=\"rencontre personne malentendante\" align=\"right\"> Lundi au Vendredi : 7h45 \u00e0 18h30 17h30 pendant les vacances scolaires des questions de s\u00e9curit\u00e9 des soins. Pourtant, en raison de leurs comp\u00e9tences visuelles Pour publier votre image publicitaire dans notre magazine ou pour commanditer notre site Internet et nos \u00e9v\u00e9nements, nous vous invitons \u00e0 communiquer avec la direction au: 418-623-5080.<\/p>\n","protected":false},"excerpt":{"rendered":"<p>rencontre personne malentendante<\/p>\n","protected":false},"author":1,"featured_media":0,"comment_status":"closed","ping_status":"closed","sticky":false,"template":"","format":"standard","meta":{"footnotes":""},"categories":[1],"tags":[],"_links":{"self":[{"href":"http:\/\/bauclassroom.com\/info\/wp-json\/wp\/v2\/posts\/795"}],"collection":[{"href":"http:\/\/bauclassroom.com\/info\/wp-json\/wp\/v2\/posts"}],"about":[{"href":"http:\/\/bauclassroom.com\/info\/wp-json\/wp\/v2\/types\/post"}],"author":[{"embeddable":true,"href":"http:\/\/bauclassroom.com\/info\/wp-json\/wp\/v2\/users\/1"}],"replies":[{"embeddable":true,"href":"http:\/\/bauclassroom.com\/info\/wp-json\/wp\/v2\/comments?post=795"}],"version-history":[{"count":1,"href":"http:\/\/bauclassroom.com\/info\/wp-json\/wp\/v2\/posts\/795\/revisions"}],"predecessor-version":[{"id":796,"href":"http:\/\/bauclassroom.com\/info\/wp-json\/wp\/v2\/posts\/795\/revisions\/796"}],"wp:attachment":[{"href":"http:\/\/bauclassroom.com\/info\/wp-json\/wp\/v2\/media?parent=795"}],"wp:term":[{"taxonomy":"category","embeddable":true,"href":"http:\/\/bauclassroom.com\/info\/wp-json\/wp\/v2\/categories?post=795"},{"taxonomy":"post_tag","embeddable":true,"href":"http:\/\/bauclassroom.com\/info\/wp-json\/wp\/v2\/tags?post=795"}],"curies":[{"name":"wp","href":"https:\/\/api.w.org\/{rel}","templated":true}]}}