{"id":7977,"date":"2020-10-07T03:10:07","date_gmt":"2020-10-07T03:10:07","guid":{"rendered":"http:\/\/bauclassroom.com\/info\/?p=7977"},"modified":"2020-09-30T17:35:59","modified_gmt":"2020-09-30T17:35:59","slug":"programme-rencontre-de-la-photo-arles-4","status":"publish","type":"post","link":"http:\/\/bauclassroom.com\/info\/2020\/10\/07\/programme-rencontre-de-la-photo-arles-4\/","title":{"rendered":"Programme Rencontre De La Photo Arles"},"content":{"rendered":"<p>PARIS, 26 mars 2008 AFP-Le couturier Christian Lacroix, commissaire invit\u00e9 des Rencontres photographiques dArles 2008, a d\u00e9voil\u00e9 mercredi 26 mars sa programmation qui sera compos\u00e9e dimages de sa ville, Arles, de photographie vestimentaire et dexpositions de nombreux artistes contemporains. Photo : les Rencontres dArles annoncent une \u00e9dition sous le signe de la r\u00e9sistance Les Rencontres dArles 2009 c\u00e9l\u00e9breront la 40\u00e8me \u00e9dition. Pr\u00e9sentent une programmation pl\u00e9thorique et offrent un regard singulier sur le Anonymous, 1972. Courtesy of The Anonymous Project. Lheure nest pas aux projections. Toutefois les Rencontres esp\u00e8rent entretenir la flamme sur leur site internet. R\u00e9appara\u00eetront-elles avant lann\u00e9e prochaine? L\u00e9quipe en serait ravie. Mais aucun programme ne peut \u00eatre avanc\u00e9. Il sest murmur\u00e9 qu\u00e0 la fin ao\u00fbt, avec les acteurs culturels dArles contraints aussi de passer la main, une proposition commune peut avoir lieu si la crise sanitaire permettait cette parenth\u00e8se Comme une bouff\u00e9e doxyg\u00e8ne. Nous ne sommes pas capables dassumer une fr\u00e9quentation de 20, cela g\u00e9n\u00e9rerait un d\u00e9ficit \u00e9norme. Les Rencontres, dans cette situation, seraient contraintes \u00e0 sarr\u00eater. Depuis 6 ans Sam Stourdz\u00e9 a tir\u00e9 la sonnette dalarme en demandant des assurances pour une p\u00e9rennit\u00e9 des lieux dexpositions, la crise du Covid-19 met aussi en \u00e9vidence la fragilit\u00e9 budg\u00e9taire de la manifestation internationale. Avec 20 de participation port\u00e9s par de largent public nous ne sommes pas du tout log\u00e9s \u00e0 la m\u00eame enseigne que les autres festivals. Cela va vraiment valoir la peine de r\u00e9fl\u00e9chir collectivement sur les partenariats public-priv\u00e9. Les Rencontres ont un statut dassociation \u00e0 but non lucratif, mais il faut sassurer quelles peuvent traverser une crise. Elles repr\u00e9sentent un bien commun \u00e0 prot\u00e9ger. Ce matin un plan dannulation a \u00e9t\u00e9 pr\u00e9sent\u00e9 au conseil dadministration, avec des collectivit\u00e9s \u00e0 l\u00e9coute, exemplaires dans leur accompagnement a tenu \u00e0 pr\u00e9ciser le directeur. D\u00e9fendre les droits des artistes et les \u00e9quipes <img decoding=\"async\" src=\"http:\/\/asset.mgrt.net\/409\/images\/Modele\/bandeau.jpg\" alt=\"programme rencontre de la photo arles\" align=\"left\"> Le confinement devrait provoquer une baisse des \u00e9missions de CO2  <img decoding=\"async\" src=\"http:\/\/www.platttangen.tk\/uploads\/Image\/7d\/1471_718_Financement-des-investissements.jpg\" alt=\"programme rencontre de la photo arles\" align=\"right\">  March\u00e9 de lart Art Brussels lance sa plateforme en ligne Expositions La Fondation Cartier d\u00e9voile son nouveau calendrier dexpositions nrco.contentDetailController.content.status pending? En attente de validation : Ou vous pouvez la partager sur les r\u00e9seaux sociaux Conform\u00e9ment \u00e0 la loi fran\u00e7aise Informatique et Libert\u00e9 article 34, vous disposez dun droit dacc\u00e8s, de modification, de rectification et de suppression des donn\u00e9es vous concernant.  EXPOSITIONS ET \u00c9V\u00c9NEMENTS POUR LE RAYONNEMENT DE LA PHOTOGRAPHIE Tina Modotti, Jakob Tuggener, Peter Sakaer, Masahisa Fukase, Herbert Matter, Robert Heinecken, Jean-Michel Alberola, Tom Drahos, Willy Ronis, Frederick Sommer, Lucien Clergue, Sophie Calle Rencontres de la photographie Arles 2001 : 32 e \u00e9dition Dummy Book Award : The Jungle Book de Yann Gross Photo Brut: Collection Bruno Decharme Compagnie Expositions :, Infrastructure-Par leffondrement, r\u00e9v\u00e9l\u00e9e, et les 80 ans du,, Masculinit\u00e9s-La lib\u00e9ration par la photographie, Performers-Une sc\u00e8ne afro-am\u00e9ricaine, Korea-Archives in\u00e9dites dun magazine nord-cor\u00e9en, Thawra!\u062b\u0648\u0631\u0629 R\u00e9volution-Soudan, histoire dun soul\u00e8vement, Africa XXI-\u00c9tat desprit africain, Ph\u00e9nix-Regards sur la sc\u00e8ne contemporaine polonaise, Soundwalk Collective Tendance Floue,, Jazz Power-Laventure Jazz Magazine,, Open for business-Les photographes de et lart de la commande, Le rouge et le noir-Les m\u00e9tamorphoses du laboratoire, <img decoding=\"async\" src=\"http:\/\/www.lemondedelaphoto.com\/local\/cache-vignettes\/L700xH581\/1_-_2018-mang-press03-e4dbc.jpg\" alt=\"programme rencontre de la photo arles\" align=\"center\"> Voici une nouvelle application iOS qui va s\u00e9duire les amateurs de mots et de typographie. Wordilly permet de cr\u00e9er depuis son mobile des messages typographiques parmi un large choix de fonts et quelques r\u00e8gles de composition bien utiles. Ce projet est tout simplement le nouveau b\u00e9b\u00e9 de Jason Smith, fondateur Le prestigieux prix Pictet-lanc\u00e9 par le groupe bancaire \u00e9ponyme-c\u00e9l\u00e8bre ses 10 ans et sexpose aux Rencontres dArles 2018. Morceaux choisis. Le mus\u00e9e du Vieux N\u00eemes entre pour la premi\u00e8re fois dans la programmation avec Tatouages, une s\u00e9rie de photos du Dr Charles Perrier r\u00e9alis\u00e9e \u00e0 la prison du Fort Vauban de N\u00eemes, entre 1896 et 1899. Il y amasse des milliers de donn\u00e9es anthropomorphiques quil analyse, classe, \u00e9tudie et sint\u00e9resse plus particuli\u00e8rement aux tatouages des prisonniers, restitu\u00e9s avec pr\u00e9cision.<\/p>\n","protected":false},"excerpt":{"rendered":"<p>programme rencontre de la photo arles<\/p>\n","protected":false},"author":1,"featured_media":0,"comment_status":"closed","ping_status":"closed","sticky":false,"template":"","format":"standard","meta":{"footnotes":""},"categories":[1],"tags":[],"_links":{"self":[{"href":"http:\/\/bauclassroom.com\/info\/wp-json\/wp\/v2\/posts\/7977"}],"collection":[{"href":"http:\/\/bauclassroom.com\/info\/wp-json\/wp\/v2\/posts"}],"about":[{"href":"http:\/\/bauclassroom.com\/info\/wp-json\/wp\/v2\/types\/post"}],"author":[{"embeddable":true,"href":"http:\/\/bauclassroom.com\/info\/wp-json\/wp\/v2\/users\/1"}],"replies":[{"embeddable":true,"href":"http:\/\/bauclassroom.com\/info\/wp-json\/wp\/v2\/comments?post=7977"}],"version-history":[{"count":1,"href":"http:\/\/bauclassroom.com\/info\/wp-json\/wp\/v2\/posts\/7977\/revisions"}],"predecessor-version":[{"id":7978,"href":"http:\/\/bauclassroom.com\/info\/wp-json\/wp\/v2\/posts\/7977\/revisions\/7978"}],"wp:attachment":[{"href":"http:\/\/bauclassroom.com\/info\/wp-json\/wp\/v2\/media?parent=7977"}],"wp:term":[{"taxonomy":"category","embeddable":true,"href":"http:\/\/bauclassroom.com\/info\/wp-json\/wp\/v2\/categories?post=7977"},{"taxonomy":"post_tag","embeddable":true,"href":"http:\/\/bauclassroom.com\/info\/wp-json\/wp\/v2\/tags?post=7977"}],"curies":[{"name":"wp","href":"https:\/\/api.w.org\/{rel}","templated":true}]}}