{"id":8175,"date":"2020-10-08T02:13:48","date_gmt":"2020-10-08T02:13:48","guid":{"rendered":"http:\/\/bauclassroom.com\/info\/?p=8175"},"modified":"2020-10-01T01:47:54","modified_gmt":"2020-10-01T01:47:54","slug":"rencontres-seine-saint-denis-3","status":"publish","type":"post","link":"http:\/\/bauclassroom.com\/info\/2020\/10\/08\/rencontres-seine-saint-denis-3\/","title":{"rendered":"Rencontres Seine Saint Denis"},"content":{"rendered":"<p>Alexander Vantournhout, Aneckxander, 2015. Danse contemporaine. Bart Grietens  Festival d\u00e9fricheur, Les Rencontres chor\u00e9graphiques internationales de Seine-Saint-Denis pr\u00e9sentent depuis onze ans des \u0153uvres insolites, cr\u00e9ations en r\u00e9sonance avec un questionnement constant sur le monde. Chaque ann\u00e9e, se produisent des compagnies provenant de divers pays, invit\u00e9es \u00e0 proposer leur regard impertinent, critique, d\u00e9routant sur le monde.  Anita Mathieu : Je pense dabord \u00e0 la diversit\u00e9 artistique. Dix-sept pays sont repr\u00e9sent\u00e9s sur les 30 compagnies qui monteront sur sc\u00e8ne. Constituent aussi une plate-forme assez in\u00e9dite o\u00f9 la prise de risque est r\u00e9elle sur les pi\u00e8ces propos\u00e9es aux publics. Nous navons pas toujours vu, ou tout du moins en entier, les \u0153uvres que nous programmons. Mais quelque chose nous attire, comme une intuition et nous nous engageons aupr\u00e8s de lartiste dans la finalisation du projet. Entre les \u00e9ditions des Rencontres \u00e9taient invit\u00e9s dautres personnalit\u00e9s de la danse contemporaine comme : Projet de d\u00e9veloppement \u00e9conomique majeur pour la r\u00e9gion Ile-de-France, le Grand Paris offre la possibilit\u00e9 pour les entreprises de se positionner sur des march\u00e9s porteurs. <img decoding=\"async\" src=\"http:\/\/www.modul-dance.eu\/wp-content\/uploads\/2014\/09\/Tania-Carvalho_Icosahedron_-%C2%A9-Margarida-Dias-3-600x402.jpg\" alt=\"rencontres seine saint denis\" align=\"right\"> <img decoding=\"async\" src=\"http:\/\/www.ville-bagnolet.fr\/tl_files\/actualites\/2018\/2018-06\/DENSITE93-2018.jpg\" alt=\"rencontres seine saint denis\" align=\"left\"> <img decoding=\"async\" src=\"http:\/\/www.lorrina-barrientos.com\/wp-content\/uploads\/2011\/07\/La-danse-dans-le-Monde-Jan-Fabre1.jpg\" alt=\"rencontres seine saint denis\" align=\"right\"> Universit\u00e9 Sorbonne Paris Nord-Campus de Villetaneuse-Biblioth\u00e8que universitaire Edgar Morin Je Mappelle kaan jai 18 ans h\u00e9 je recherche des relations amicale ou pk pas serieuse. Homme,, Pr\u00e9server l\u00e9conomie locale des d\u00e9rives de la financiarisation de l\u00e9conomie et des soubresauts des march\u00e9s financiers? Stimuler les \u00e9changes locaux et d\u00e9velopper l\u00e9conomie r\u00e9elle? Nous vous invitons ce mois-ci \u00e0 d\u00e9couvrir comment les monnaies locales citoyennes et La P\u00eache Monnaie locale n\u00e9e \u00e0 Montreuil, en 2014, peuvent y contribuer. Val\u00e9rie P\u00e9cresse, pr\u00e9sidente dIle-de-France Mobilit\u00e9, lautorit\u00e9 organisatrice des transports en Ile-de-France dont les pertes li\u00e9es au coronavirus s\u00e9l\u00e8vent \u00e0 2,6 milliards deuros, r\u00e9clame depuis mercredi dans les transports en commun franciliens. Suivre des artistes que nous accompagnons sur la dur\u00e9e, d\u00e9couvrir des artistes \u00e9mergents, t\u00e9moigner de la vitalit\u00e9 chor\u00e9graphique dans le monde en confrontant nos exp\u00e9riences et en partageant des aventures singuli\u00e8res sont les enjeux des Rencontres chor\u00e9graphiques, que nous vous invitons \u00e0 partager.  DU 30 MAI AU 1 JUIN \u00c0 19H30 PAYS-BAS Programme partag\u00e9 avec : Michele Rizzo Je suis une femme de 64 ans et je recherche une rencontre pr\u00e8s de Pantin. Mon corps, cet inconnu! Pourrait sexclamer la jeune cor\u00e9enne Son Hyejeong dans son solo. Entre curiosit\u00e9 fa\u00e7on peep-show et esth\u00e9tique bondage, cette danseuse se confronte \u00e0 des imageries f\u00e9minines particuli\u00e8res pour \u00e9voquer lidentit\u00e9, le myst\u00e8re du corps et la libert\u00e9 de l\u00eatre. Cr\u00e9\u00e9 en 2008, Gungji-Dilemma est le premier solo de cette artiste, pass\u00e9 par le d\u00e9partement de danse du College of arts et la Graduate School of Arts de lUniversit\u00e9 de Hansung Cor\u00e9e du Sud. La plupart des d\u00e9finitions du fran\u00e7ais sont propos\u00e9es par SenseGates et comportent un approfondissement avec Littr\u00e9 et plusieurs auteurs techniques sp\u00e9cialis\u00e9s. Retour en image sur la lecture du vendredi 28 f\u00e9vrier 2020 : premi\u00e8re \u00e9tape dun spectacle \u00e9ponyme m\u00ealant th\u00e9\u00e2tre et marionnette. La repr\u00e9sentation sest suivie dun \u00e9change enrichissant avec les spectateurs. Je suis tr\u00e8s r\u00e9serv\u00e9, je sait tr\u00e8s bien ce que je veux, je.. 16h45 : Cl\u00f4ture par un \u00e9lu du Conseil d\u00e9partemental de la Seine-Saint-Denis.<\/p>\n","protected":false},"excerpt":{"rendered":"<p>rencontres seine saint denis<\/p>\n","protected":false},"author":1,"featured_media":0,"comment_status":"closed","ping_status":"closed","sticky":false,"template":"","format":"standard","meta":{"footnotes":""},"categories":[1],"tags":[],"_links":{"self":[{"href":"http:\/\/bauclassroom.com\/info\/wp-json\/wp\/v2\/posts\/8175"}],"collection":[{"href":"http:\/\/bauclassroom.com\/info\/wp-json\/wp\/v2\/posts"}],"about":[{"href":"http:\/\/bauclassroom.com\/info\/wp-json\/wp\/v2\/types\/post"}],"author":[{"embeddable":true,"href":"http:\/\/bauclassroom.com\/info\/wp-json\/wp\/v2\/users\/1"}],"replies":[{"embeddable":true,"href":"http:\/\/bauclassroom.com\/info\/wp-json\/wp\/v2\/comments?post=8175"}],"version-history":[{"count":1,"href":"http:\/\/bauclassroom.com\/info\/wp-json\/wp\/v2\/posts\/8175\/revisions"}],"predecessor-version":[{"id":8176,"href":"http:\/\/bauclassroom.com\/info\/wp-json\/wp\/v2\/posts\/8175\/revisions\/8176"}],"wp:attachment":[{"href":"http:\/\/bauclassroom.com\/info\/wp-json\/wp\/v2\/media?parent=8175"}],"wp:term":[{"taxonomy":"category","embeddable":true,"href":"http:\/\/bauclassroom.com\/info\/wp-json\/wp\/v2\/categories?post=8175"},{"taxonomy":"post_tag","embeddable":true,"href":"http:\/\/bauclassroom.com\/info\/wp-json\/wp\/v2\/tags?post=8175"}],"curies":[{"name":"wp","href":"https:\/\/api.w.org\/{rel}","templated":true}]}}