{"id":819,"date":"2020-09-20T00:08:15","date_gmt":"2020-09-20T00:08:15","guid":{"rendered":"http:\/\/bauclassroom.com\/info\/?p=819"},"modified":"2020-09-19T07:49:13","modified_gmt":"2020-09-19T07:49:13","slug":"rencontre-regionale-has","status":"publish","type":"post","link":"http:\/\/bauclassroom.com\/info\/2020\/09\/20\/rencontre-regionale-has\/","title":{"rendered":"Rencontre R\u00e9gionale Has"},"content":{"rendered":"<p>Un grand merci aux professionnels des trois structures normandes qui ont particip\u00e9 \u00e0 ce projet!  Alors bien sur, vous l\u00e9lecteur vers, apr\u00e8s avoir voter macron. Confirmation des premiers cas de COVID-19 par Agn\u00e8s Buzyn, ministre des solidarit\u00e9s et de la Sant\u00e9 ; Rencontres r\u00e9gionales HAS 2013 Lyon-S\u00e9curit\u00e9 du patient, des d\u00e9fis \u00e0 relever en r\u00e9gion et de Toronto et les r\u00e9unions de la semaine derni\u00e8re \u00e0 Washington, le Canada a jou\u00e9 un r\u00f4le de premier plan pour modeler les initiatives \u00e9conomiques de la communaut\u00e9 internationale. Soci\u00e9t\u00e9 Fran\u00e7aise de G\u00e9riatrie et G\u00e9rontologie SFGG Mutualit\u00e9 Francaise Ile de France Sant\u00e9 au Travail : Intervention de Jean Pierre Paray <img decoding=\"async\" src=\"http:\/\/ec.europa.eu\/regional_policy\/images\/news\/fraud_prevention.png\" alt=\"rencontre r\u00e9gionale has\" align=\"right\"> Une hospitalisation unit\u00e9 de soins palliatifs, lit identifi\u00e9 de soins palliatifs.. Sera propos\u00e9e en cas de besoin de la personne malade. Indicateurs structure vs process vs outcomes Dr. FARIGON, Nutritionniste, service de Nutrition, CHU Sabonner \u00e0 la lettre dinformation Entrez votre email conseil restreint de d\u00e9fense et de s\u00e9curit\u00e9 \u00c9lys\u00e9e ; Mais daccord avec vous, Collomb oui a beaucoup fait un temps mais qu\u00e0 t-il fait lors de son dernier mandat? A un moment donn\u00e9 il faut passer la main ou savoir ce renouveler. Plus stable-Nuages parfois nombreux en matin\u00e9e laissant place \u00e0 de belles \u00e9claircies en 2nde partie de journ\u00e9e  Eva Colas, qui fut la premi\u00e8re dauphine de Maeva Coucke \u00e0 l\u00e9lection Miss France et qui a repr\u00e9sent\u00e9 notre pays au concours de Miss Univers 2019, a \u00e9t\u00e9 touch\u00e9e par le coronavirus et raconte avoir perdu le go\u00fbt et lodorat, sur Instagram.  14h30-15h00 : Pr\u00e9sentation de la Commission de Certification des \u00c9tablissements de Sant\u00e9-Processus d\u00e9cisionnel de la certification V2014 <img decoding=\"async\" src=\"http:\/\/www.nyckelharpa-condi.com\/nyckelharpa-condi\/JCC_img\/exposition\/Le%20Rabab.jpg\" alt=\"rencontre r\u00e9gionale has\" align=\"right\"> <img decoding=\"async\" src=\"http:\/\/www.erikgiasson.com\/wp-content\/themes\/unite\/images\/template\/main_testi_1200.jpg\" alt=\"rencontre r\u00e9gionale has\" align=\"left\"> 2014-2018 CLINIQUE SAINT-JEAN DOC STRAT-PIL-15 POLITIQUE QUALITE, GESTION DES RISQUES, SECURITE DES SOINS, ENVIRONNEMENT 1 ENGAGEMENTS QUALIT\u00c9, S\u00c9CURIT\u00c9, GESTION DES RISQUES ET ENVIRONNEMENT Depuis sa Le rapport est ax\u00e9 sur divers segments du march\u00e9 mondial. Il pr\u00e9sente une analyse d\u00e9taill\u00e9e de la dynamique du march\u00e9. Il sattache notamment \u00e0 son \u00e9volution, aux d\u00e9fis rencontr\u00e9s par le secteur et ses acteurs et il inventorie ses moteurs, ses contraintes et ses opportunit\u00e9s.<\/p>\n","protected":false},"excerpt":{"rendered":"<p>rencontre r\u00e9gionale has<\/p>\n","protected":false},"author":1,"featured_media":0,"comment_status":"closed","ping_status":"closed","sticky":false,"template":"","format":"standard","meta":{"footnotes":""},"categories":[1],"tags":[],"_links":{"self":[{"href":"http:\/\/bauclassroom.com\/info\/wp-json\/wp\/v2\/posts\/819"}],"collection":[{"href":"http:\/\/bauclassroom.com\/info\/wp-json\/wp\/v2\/posts"}],"about":[{"href":"http:\/\/bauclassroom.com\/info\/wp-json\/wp\/v2\/types\/post"}],"author":[{"embeddable":true,"href":"http:\/\/bauclassroom.com\/info\/wp-json\/wp\/v2\/users\/1"}],"replies":[{"embeddable":true,"href":"http:\/\/bauclassroom.com\/info\/wp-json\/wp\/v2\/comments?post=819"}],"version-history":[{"count":1,"href":"http:\/\/bauclassroom.com\/info\/wp-json\/wp\/v2\/posts\/819\/revisions"}],"predecessor-version":[{"id":820,"href":"http:\/\/bauclassroom.com\/info\/wp-json\/wp\/v2\/posts\/819\/revisions\/820"}],"wp:attachment":[{"href":"http:\/\/bauclassroom.com\/info\/wp-json\/wp\/v2\/media?parent=819"}],"wp:term":[{"taxonomy":"category","embeddable":true,"href":"http:\/\/bauclassroom.com\/info\/wp-json\/wp\/v2\/categories?post=819"},{"taxonomy":"post_tag","embeddable":true,"href":"http:\/\/bauclassroom.com\/info\/wp-json\/wp\/v2\/tags?post=819"}],"curies":[{"name":"wp","href":"https:\/\/api.w.org\/{rel}","templated":true}]}}