{"id":91,"date":"2020-09-18T21:18:05","date_gmt":"2020-09-18T21:18:05","guid":{"rendered":"http:\/\/bauclassroom.com\/info\/?p=91"},"modified":"2020-09-18T09:07:58","modified_gmt":"2020-09-18T09:07:58","slug":"rencontres-des-savoir-faire-chartres","status":"publish","type":"post","link":"http:\/\/bauclassroom.com\/info\/2020\/09\/18\/rencontres-des-savoir-faire-chartres\/","title":{"rendered":"Rencontres Des Savoir-Faire Chartres"},"content":{"rendered":"<p> Cliquez sur Dessiner un cercle, un cercle appara\u00eet. Faites alors Modifier le cercle. Votre adresse est g\u00e9olocalis\u00e9e avec un point bleu et les bords du cercle sont d\u00e9limit\u00e9s en pointill\u00e9s avec un point rouge. Positionnez votre souris sur ce point rouge et agrandissez le cercle en cliquant jusqu\u00e0 obtenir 100 km. D\u00e9tecter, d\u00e9pister, isoler : comprendre la strat\u00e9gie de d\u00e9confinement En raison du contexte actuel, les livraisons Fedex International sont suspendues. Dates : du 1er au 3 septembre 2020. Lieu : Parc des Expositions de la Porte de Versailles-Pavillon 4, 1 Place de la Porte de Versailles, Paris. 1898-1977, peintre expressionniste n\u00e9erlandais , sur www.interieur.gouv.fr consult\u00e9 le 15 f\u00e9vrier 2016 Je travaille dans limmobilier depuis 17 ans. Javais cr\u00e9\u00e9 une agence en 2001 qui a tr\u00e8s bien march\u00e9 pendant 10 ans. La notori\u00e9t\u00e9 de lagence \u00e9tait telle, que je me suis laiss\u00e9e submerger par le travail. ERA ma rapidement s\u00e9duite, car ils proposent un suivi et des outils qui facilitent la gestion. Ils sont tr\u00e8s professionnels, sympathiques et b\u00e9n\u00e9ficient dun v\u00e9ritable r\u00e9seau national et international. <img decoding=\"async\" src=\"http:\/\/audacieux.net\/wp-content\/uploads\/2016\/11\/audacieux_lunettesDESIGN_2016.jpg\" alt=\"rencontres des savoir-faire chartres\" align=\"right\"> Encore merci \u00e0 Am\u00e9lie et \u00e0 lOffice de Tourisme pour leur confiance et leur invitation de d\u00e9couvrir cette jolie ville! Juste partager un maximum de moments avec un homme avec lequel je me sens bien et r\u00e9ciproquement <img decoding=\"async\" src=\"http:\/\/www.marilynephotographie.com\/wp-content\/uploads\/2011\/12\/Mur-de-TAG-2.jpg\" alt=\"rencontres des savoir-faire chartres\" align=\"left\"> 1820-1896, professeur et journaliste, opposant au Second empire, auteur des Propos de Labienus, personnalit\u00e9 de la Conform\u00e9ment \u00e0 la loi informatique et libert\u00e9s, vous disposez dun droit dacc\u00e8s et de rectification aux donn\u00e9es vous concernant qui seront conserv\u00e9es pendant 5 an. <img decoding=\"async\" src=\"http:\/\/www.tourisme28.com\/files\/cdt28\/files\/imagecache\/sejour_int\/n78a3748.jpg\" alt=\"rencontres des savoir-faire chartres\" align=\"center\"> Tableau climatique de Chartres sur la p\u00e9riode 1981-2010 records depuis 1921 Mois In fine, je persiste et signe \u00e0 dire que la norme, cest peu ou pas dinformation dans les rames. Cela m\u00e9tonnerait que mon ressenti soit isol\u00e9. Je suis \u00e0 l\u00e9coute de vos propositions : dans quelles gares aimeriez-vous quon se rencontre? Quels sont les jours qui conviendraient le mieux? sur quels cr\u00e9neaux horaires? Participez \u00e0 la vie collective de la r\u00e9sidence, donnez votre avis, int\u00e9grez les r\u00e9unions du Conseil dAdministration, portez la parole des r\u00e9sidents.. Faites-vous \u00e9lire au C.V.S. Pour lann\u00e9e 20192020! Vid\u00e9o Rencontres Entre Preneurs replay Business replay Business Chartres LIVE Chartres LIVE Comment faire de la charge mentale un atout pour r\u00e9pondre aux enjeux de demain? : conf\u00e9rence en ligne pour savoir prendre soin de soi, nourrir le sens du collectif et entamer le parcours du h\u00e9ros pour coop\u00e9rer avec lincertitude. En juin 2017, la cession a bien \u00e9t\u00e9 r\u00e9alis\u00e9e ; auparavant en mai 2017, elle avait \u00e9t\u00e9 annonc\u00e9e en grande pompe dans le bulletin paroissial Votre Ville n 167 qui avait titr\u00e9 MUSEE DES BEAUX-ARTS : A LAUBE DUNE RENAISSANCE, avec \u00e0 lappui, un dossier dithyrambique de quatre pages enti\u00e8res pleines de promesses! Aujourdhui, en mai 2019, soit deux ans apr\u00e8s, LA RENAISSANCE est rest\u00e9e \u00e0 l\u00e9tat de promesse, elle nest toujours pas l\u00e0, il ne se passe toujours rien, l\u00e9tat dabandon manifeste du mus\u00e9e perdure et a de quoi l\u00e9gitiment inqui\u00e9ter, mais aussi celui des jardins dont lacc\u00e8s par le tertre Saint-Nicolas a \u00e9t\u00e9 ferm\u00e9. Bon retour et bonne chance et bon courage et bonne sant\u00e9  La galerie Marianne \u00e0 Argel\u00e8s-sur-Mer 66 expose les mosa\u00efques contemporaines de Beatriz Frazao du 19 avril au 11 mai 2013. Je souhaite profiter des offres des partenaires dIdylive La galerie 3F \u00e0 Paris pr\u00e9sente lexposition White eternity, du 29 septembre au 4 octobre 2015. Avec les cr\u00e9ations de Gerda Jacobs, mosa\u00efste, et de Christophe Mirande, plasticien \u00e9mailleur. Les Rencontres Internationales de Mosa\u00efques, organis\u00e9es par lassociation les 3R, rassemblent tous les deux ans les ann\u00e9es paires, les \u0153uvres de centaines de mosa\u00efstes internationaux dans la chapelle du lyc\u00e9e Fulbert et la chapelle Saint-\u00c9man. Le prix Picassiette est remis par un jury et par le public aux laur\u00e9ats des cat\u00e9gories professionnels, amateurs initi\u00e9s, amateurs, jeunes et groupes. L\u00e9v\u00e8nement consacre l\u00e9volution dune ancienne cit\u00e9 de transit, le quartier Picassiette, dont la transformation sociale r\u00e9alis\u00e9e \u00e0 partir des ann\u00e9es 90, est un exemple de d\u00e9veloppement social urbain. Annonce : rencontr\u00e9 une femme qui aime rire les voyages en camping car Et surtout sans sa milice quatre par quatre arm\u00e9e jusquaux dents pr\u00eate \u00e0 bondir : les voyageurs m\u00e9ritent un peu de respect. Les patrouilles doivent \u00eatre d\u00e9col\u00e9r\u00e9es des contr\u00f4les, ce qui multipliera la pr\u00e9sence humaine dans les rames et sur les quais.<\/p>\n","protected":false},"excerpt":{"rendered":"<p>rencontres des savoir-faire chartres<\/p>\n","protected":false},"author":1,"featured_media":0,"comment_status":"closed","ping_status":"closed","sticky":false,"template":"","format":"standard","meta":{"footnotes":""},"categories":[1],"tags":[],"_links":{"self":[{"href":"http:\/\/bauclassroom.com\/info\/wp-json\/wp\/v2\/posts\/91"}],"collection":[{"href":"http:\/\/bauclassroom.com\/info\/wp-json\/wp\/v2\/posts"}],"about":[{"href":"http:\/\/bauclassroom.com\/info\/wp-json\/wp\/v2\/types\/post"}],"author":[{"embeddable":true,"href":"http:\/\/bauclassroom.com\/info\/wp-json\/wp\/v2\/users\/1"}],"replies":[{"embeddable":true,"href":"http:\/\/bauclassroom.com\/info\/wp-json\/wp\/v2\/comments?post=91"}],"version-history":[{"count":1,"href":"http:\/\/bauclassroom.com\/info\/wp-json\/wp\/v2\/posts\/91\/revisions"}],"predecessor-version":[{"id":92,"href":"http:\/\/bauclassroom.com\/info\/wp-json\/wp\/v2\/posts\/91\/revisions\/92"}],"wp:attachment":[{"href":"http:\/\/bauclassroom.com\/info\/wp-json\/wp\/v2\/media?parent=91"}],"wp:term":[{"taxonomy":"category","embeddable":true,"href":"http:\/\/bauclassroom.com\/info\/wp-json\/wp\/v2\/categories?post=91"},{"taxonomy":"post_tag","embeddable":true,"href":"http:\/\/bauclassroom.com\/info\/wp-json\/wp\/v2\/tags?post=91"}],"curies":[{"name":"wp","href":"https:\/\/api.w.org\/{rel}","templated":true}]}}