{"id":93,"date":"2020-09-18T21:19:58","date_gmt":"2020-09-18T21:19:58","guid":{"rendered":"http:\/\/bauclassroom.com\/info\/?p=93"},"modified":"2020-09-18T09:10:40","modified_gmt":"2020-09-18T09:10:40","slug":"rencontre-edern","status":"publish","type":"post","link":"http:\/\/bauclassroom.com\/info\/2020\/09\/18\/rencontre-edern\/","title":{"rendered":"Rencontre Edern"},"content":{"rendered":"<p>Comme les avis plus bas, je suis tent\u00e9e.. Je me le note,merci! Alors que l\u00e9lection de Miss France 2020 se d\u00e9roulera le 14 d\u00e9cembre 2019 \u00e0 Marseille, Paris Match a interview\u00e9 Miss Bretagne, alias Romane Edern. Chaque num\u00e9ro du Nouveau Magazine litt\u00e9raire est compl\u00e9t\u00e9 darticles en acc\u00e8s libre \u00e0 lire sur ce site internet. \u0392\u03b1\u03c3\u03b7 \u03ba\u03c1\u03b1\u03bd\u03b9\u03bf\u03c5 \u03b1\u03bd\u03b1\u03c4\u03bf\u03bc\u03b9\u03b1 \u03b7 \u03bd\u03c5\u03c6\u03b7 \u03c4\u03bf\u03c5\u03c1\u03ba\u03b9\u03ba\u03bf ezo \u0394\u03b5\u03bd \u03c5\u03c0\u03ac\u03c1\u03c7\u03b5\u03b9 \u03bc\u03b5\u03b3\u03b1\u03bb\u03bf\u03c6\u03c5\u0390\u03b1 \u03c7\u03c9\u03c1\u03af\u03c2 \u03c4\u03bf \u03ac\u03b3\u03b3\u03b9\u03b3\u03bc\u03b1 \u03c4\u03b7\u03c2 \u03c4\u03c1\u03ad\u03bb\u03b1\u03c2 Ce qui nous a plu? Laccessibilit\u00e9 de la cuisine dune grande chef \u00e9toil\u00e9e : la formule midi y est accessible et flirte avec la qualit\u00e9 des produits. Chez J\u00f2ia, lambiance est d\u00e9contract\u00e9e, comme un dimanche \u00e0 la maison : les serveurs y sont sympas et la d\u00e9coration dans lair du temps avec sa cuisine ouverte et sa longue table centrale. Miss France : ce qui attend Cl\u00e9mence Botino en 2020 <img decoding=\"async\" src=\"http:\/\/upload.wikimedia.org\/wikipedia\/commons\/thumb\/8\/87\/Loqueffret_15_Eglise_Sainte-Genevi%C3%A8ve_Banni%C3%A8re_de_procession_de_saint_Herbot.JPG\/640px-Loqueffret_15_Eglise_Sainte-Genevi%C3%A8ve_Banni%C3%A8re_de_procession_de_saint_Herbot.JPG\" alt=\"rencontre edern\" align=\"right\"> Apostrophes, l\u00e9mission culte de Bernard Pivot, f\u00eate ses quarante ans. La chanteuse Sapho \u00e9voque son passage m\u00e9morable en compagnie de Jean-Edern Hallier, Paul Guth et Daniel Cohn-Bendit, le 23 avril 1982. Captures d\u00e9cran Surtout, soyez lh\u00e9ro\u00efne de votre vie, pas la victime. Citation courage rencontre les appellations suivantes : Ploe Edern vers 1330, Plebs Ederni en 1337 Sa mission originale est de lier dans un m\u00eame temps et dans un m\u00eame acte , Les Saints bretons dapr\u00e8s la tradition populaire en Cornouaille, paru dans Les Annales de Bretagne, 1893-1894, puis, en recueil \u00e0 Paris : chez Calmann-L\u00e9vy, 1937, p.51-70 Lhomme ne peut d\u00e9couvrir de nouveaux oc\u00e9ans que sil a le courage de perdre de vue le rivage. Citation courage <img decoding=\"async\" src=\"http:\/\/didier-jacob.blogs.nouvelobs.com\/media\/00\/01\/1723822175.jpg\" alt=\"rencontre edern\" align=\"center\"> Je suis quelquun de s\u00e9rieux, gai, simple, aimant la vie, et surtout le plaisir de la partager. Jaime danser, randonner, promenades le long de la c\u00f4te. R\u00e9gion:  Nous vous invitons \u00e0 revenir sur cette page un lien est pr\u00e9sent dans votre compte chaque fois que vous souhaiterez modifier ce choix. Acc\u00e9dez \u00e0 la version num\u00e9rique du journal d\u00e8s 5h Chaque matin qui se l\u00e8ve est une le\u00e7on de courage 1978 St\u00e8le pour Edern, par Arnaud Le Guern. Editions Jean Picollec. Well stop supporting this browser soon. For the best experience please.  Je me demande si je vais faire un post Facebook sur ma maladie quand je sortirai dici. Du genre : hey, les gars, je me coltine une bonne r\u00e9cidive de cancer. Par contre, le premier qui clique sur jaime, je le bute! phrase humour maladie courage Edern : locations de vacances et logements-Bretagne, France Airbnb <img decoding=\"async\" src=\"http:\/\/www.albin-michel.fr\/file\/image\/aGFuZGxlcj1maXQmd2lkdGg9MzEw\/ppm_medias__image__2007__9782226176707-x.jpg\" alt=\"rencontre edern\" align=\"left\"> suivez les informations en temps r\u00e9el et acc\u00e9dez \u00e0 nos analyses de lactualit\u00e9.<\/p>\n","protected":false},"excerpt":{"rendered":"<p>rencontre edern<\/p>\n","protected":false},"author":1,"featured_media":0,"comment_status":"closed","ping_status":"closed","sticky":false,"template":"","format":"standard","meta":{"footnotes":""},"categories":[1],"tags":[],"_links":{"self":[{"href":"http:\/\/bauclassroom.com\/info\/wp-json\/wp\/v2\/posts\/93"}],"collection":[{"href":"http:\/\/bauclassroom.com\/info\/wp-json\/wp\/v2\/posts"}],"about":[{"href":"http:\/\/bauclassroom.com\/info\/wp-json\/wp\/v2\/types\/post"}],"author":[{"embeddable":true,"href":"http:\/\/bauclassroom.com\/info\/wp-json\/wp\/v2\/users\/1"}],"replies":[{"embeddable":true,"href":"http:\/\/bauclassroom.com\/info\/wp-json\/wp\/v2\/comments?post=93"}],"version-history":[{"count":1,"href":"http:\/\/bauclassroom.com\/info\/wp-json\/wp\/v2\/posts\/93\/revisions"}],"predecessor-version":[{"id":94,"href":"http:\/\/bauclassroom.com\/info\/wp-json\/wp\/v2\/posts\/93\/revisions\/94"}],"wp:attachment":[{"href":"http:\/\/bauclassroom.com\/info\/wp-json\/wp\/v2\/media?parent=93"}],"wp:term":[{"taxonomy":"category","embeddable":true,"href":"http:\/\/bauclassroom.com\/info\/wp-json\/wp\/v2\/categories?post=93"},{"taxonomy":"post_tag","embeddable":true,"href":"http:\/\/bauclassroom.com\/info\/wp-json\/wp\/v2\/tags?post=93"}],"curies":[{"name":"wp","href":"https:\/\/api.w.org\/{rel}","templated":true}]}}