{"id":9614,"date":"2020-10-12T16:40:08","date_gmt":"2020-10-12T16:40:08","guid":{"rendered":"http:\/\/bauclassroom.com\/info\/?p=9614"},"modified":"2020-10-03T12:25:22","modified_gmt":"2020-10-03T12:25:22","slug":"rencontres-nationales-de-la-fourche-a-la-fourchette","status":"publish","type":"post","link":"http:\/\/bauclassroom.com\/info\/2020\/10\/12\/rencontres-nationales-de-la-fourche-a-la-fourchette\/","title":{"rendered":"Rencontres Nationales De La Fourche \u00c0 La Fourchette"},"content":{"rendered":"<p>Tenir le magasin est extr\u00eamement consommateur en temps. Thomas se fait aider par sa compagne, sa m\u00e8re et parfois une tante. Il faut \u00e9duquer la client\u00e8le, notamment les jeunes qui ne savent pas cuisiner les viandes \u00e0 bouillir ou \u00e0 braiser. Mais je vois aussi des enfants qui semblent mieux conna\u00eetre la cuisine que les jeunes adultes. Cest plut\u00f4t rassurant. En tout cas, avoir des retours positifs de sa client\u00e8le, cest valorisant et cela me conforte dans mes choix. La client\u00e8le est essentiellement locale, mais vient aussi de plus loin, Compi\u00e8gne ou r\u00e9gion parisienne, port\u00e9e par le bouche-\u00e0-oreilles. En centre-ville, au milieu dun parc arbor\u00e9 et \u00e0 proximit\u00e9 des terrains de sport, la r\u00e9sidence offre 27 chambres lumineuses \u00e9quip\u00e9es de 2 ou 4 lits individuels avec douche, lavabo et wc, pouvant accueillir 64 personnes. Une salle dactivit\u00e9s avec t\u00e9l\u00e9vision est mise \u00e0 votre disposition. Le restaurant pour les repas est dans lenceinte de la r\u00e9sidence. This text can be changed from the Miscellaneous section of the settings page. <img decoding=\"async\" src=\"http:\/\/afpep-snpp.org\/wp-content\/uploads\/2014\/10\/JN-Montpellier-Affiche.jpg\" alt=\"rencontres nationales de la fourche \u00e0 la fourchette\" align=\"center\"> Pour le directeur scientifique agriculture de lInrae, Herv\u00e9 Guyomard, la crise du coronavirus est loccasion de mieux int\u00e9grer les enjeux environnementaux globaux dans la politique agricole europ\u00e9enne. Marier le Green Deal et la PAC augmentera la r\u00e9silience de lUnion face aux crises \u00e0 venir, \u00e0 condition de revisiter franchement la politique commerciale de lUE. Ce deuxi\u00e8me entretien sinscrit dans notre mini-s\u00e9rie sur le renouveau de la souverainet\u00e9 alimentaire europ\u00e9enne. Que les nouveaux groupes AMAP ne d\u00e9sesp\u00e8rent pas! Les futurs paysans en AMAP sont au rendez-vous, motiv\u00e9s, plus nombreux que jamais, attendant avec impatience le moment de sinstaller et de monter leur partenariat. Le R\u00e9seau les accompagne.. <img decoding=\"async\" src=\"http:\/\/i.ytimg.com\/vi\/0gZCJTqouPo\/maxresdefault.jpg\" alt=\"rencontres nationales de la fourche \u00e0 la fourchette\" align=\"center\"> R\u00e9agir pendant une table ronde accessible \u00e0 tous anim\u00e9e par Nathalie Hutter, auteure de La True Food et Mince alors!  Cette manifestation permet au grand public de d\u00e9couvrir lagriculture sous toutes ses formes et ce de la fourche \u00e0 la fourchette. Elle f\u00e9d\u00e8re lensemble du monde agricole en mettant en valeur aupr\u00e8s des petits et des grands la richesse exceptionnelle des terroirs, et le talent des producteurs ainsi que des agriculteurs. Cest aussi la traditionnelle finale nationale de labour.  Le message na pas pu \u00eatre envoy\u00e9. Le serveur a rencontr\u00e9 une erreur. F\u00e9vrier 2020 Carnet de campagne 56 : Sprintons vers des municipales de la Transition!  Le centre belge danimation et de recherche en \u00e9cologie politique a r\u00e9dig\u00e9 une r\u00e9flexion sur la transposition en Belgique du projet de s\u00e9curit\u00e9 sociale de lalimentation que nous portons afin de se doter dune piste de sortie du syst\u00e8me agroindustriel. Comme chaque mois, nous d\u00e9couvrons un.e paysan.ne ou un.e amapien.ne de la r\u00e9gion. Ce mois-ci, cap \u00e0 Milly-la-For\u00eat, o\u00f9 se tiendra une grande f\u00eate ce samedi, pour d\u00e9couvrir Victor Bello, install\u00e9 depuis tout juste un an! La Haute-Vienne accueille le 18e championnat du monde de tonte Foie gras : La Maison Lafitte a son ticket pour la Chine en Didactique des Sciences sociales, Didactique des Questions Socialement Vives, et Education au D\u00e9veloppement durable <img decoding=\"async\" src=\"http:\/\/address.ursusmaximusmedia.com\/fpdb\/Image\/Presses\/presse_panneauter_ITALPRESSE_ref_7889_face.jpg\" alt=\"rencontres nationales de la fourche \u00e0 la fourchette\" align=\"left\"> Elle est originaire de Beaune, il est Napolitain! Et ils passent leurs..<\/p>\n","protected":false},"excerpt":{"rendered":"<p>rencontres nationales de la fourche \u00e0 la fourchette<\/p>\n","protected":false},"author":1,"featured_media":0,"comment_status":"closed","ping_status":"closed","sticky":false,"template":"","format":"standard","meta":{"footnotes":""},"categories":[1],"tags":[],"_links":{"self":[{"href":"http:\/\/bauclassroom.com\/info\/wp-json\/wp\/v2\/posts\/9614"}],"collection":[{"href":"http:\/\/bauclassroom.com\/info\/wp-json\/wp\/v2\/posts"}],"about":[{"href":"http:\/\/bauclassroom.com\/info\/wp-json\/wp\/v2\/types\/post"}],"author":[{"embeddable":true,"href":"http:\/\/bauclassroom.com\/info\/wp-json\/wp\/v2\/users\/1"}],"replies":[{"embeddable":true,"href":"http:\/\/bauclassroom.com\/info\/wp-json\/wp\/v2\/comments?post=9614"}],"version-history":[{"count":1,"href":"http:\/\/bauclassroom.com\/info\/wp-json\/wp\/v2\/posts\/9614\/revisions"}],"predecessor-version":[{"id":9615,"href":"http:\/\/bauclassroom.com\/info\/wp-json\/wp\/v2\/posts\/9614\/revisions\/9615"}],"wp:attachment":[{"href":"http:\/\/bauclassroom.com\/info\/wp-json\/wp\/v2\/media?parent=9614"}],"wp:term":[{"taxonomy":"category","embeddable":true,"href":"http:\/\/bauclassroom.com\/info\/wp-json\/wp\/v2\/categories?post=9614"},{"taxonomy":"post_tag","embeddable":true,"href":"http:\/\/bauclassroom.com\/info\/wp-json\/wp\/v2\/tags?post=9614"}],"curies":[{"name":"wp","href":"https:\/\/api.w.org\/{rel}","templated":true}]}}