{"id":9628,"date":"2020-10-12T10:16:20","date_gmt":"2020-10-12T10:16:20","guid":{"rendered":"http:\/\/bauclassroom.com\/info\/?p=9628"},"modified":"2020-10-03T12:59:11","modified_gmt":"2020-10-03T12:59:11","slug":"rencontre-litteraire-manosque","status":"publish","type":"post","link":"http:\/\/bauclassroom.com\/info\/2020\/10\/12\/rencontre-litteraire-manosque\/","title":{"rendered":"Rencontre Litt\u00e9raire Manosque"},"content":{"rendered":"<p>Cette commission a \u00e9t\u00e9 cr\u00e9\u00e9e en 2007 commission Publics, avec pour premi\u00e8re mission de pr\u00e9parer une \u00e9tude des publics des maisons d\u00e9crivain et lieux litt\u00e9raires en France. Cette \u00e9tude qualitative sur les motivations du public a \u00e9t\u00e9 conduite en 2008 sur un \u00e9chantillon repr\u00e9sentatif de douze maisons volontaires. Lenqu\u00eate quantitative de fr\u00e9quentation des maisons d\u00e9crivain et lieux litt\u00e9raires lanc\u00e9e en 2007 par la F\u00e9d\u00e9ration est poursuivie en parall\u00e8le. Les premiers r\u00e9sultats de ces travaux ont \u00e9t\u00e9 pr\u00e9sent\u00e9s lors des Xes Rencontres de Bourges. Ce festival litt\u00e9raire invente de nouveaux modes de rencontres avec le texte pour mettre en avant une litt\u00e9rature vivante, accompagne de jeunes \u00e9crivains, salue les grands auteurs daujourdhui, et privil\u00e9gie les lectures et les croisements artistiques. Donnat Olivier 2009, Les Pratiques culturelles des Fran\u00e7ais \u00e0 l\u00e8re num\u00e9rique, Enqu\u00eate 2008, Paris, Minist\u00e8re de la culture et de la communicationD\u00e9couverte. <img decoding=\"async\" src=\"http:\/\/www.ville-manosque.fr\/n-ot\/wp-content\/uploads\/sites\/3\/2016\/07\/Bandeau-GIono-340x300.jpg\" alt=\"rencontre litt\u00e9raire manosque\" align=\"right\"> Villa Arnaga, mus\u00e9e Edmond Rostand dans le Pays basque en 2005, Dominique A : grand auteur, compositeur, interpr\u00e8te, oui. Mais \u00e9galement Avec H\u00e9l\u00e8ne Homps, directrice du Mus\u00e9e de la Vall\u00e9e \u00e0 Barcelonnette Un immense merci \u00e0 et pour leur g\u00e9n\u00e9rosit\u00e9 et leur passion!  Un des plus beaux westerns de lhistoire du cin\u00e9ma. Jean-Jacques Brochier le samedi \u00e0 14h : LAfrique en toutes lettres avec In Koli Jean Bofane, Gauz Alain Mabanckou \u00e0 lH\u00f4pital Saint-Jacques  <img decoding=\"async\" src=\"http:\/\/www.village-banon.fr\/media\/k2\/items\/cache\/c4416d79eef6dd018bcee3cd8b8ba561_XL.jpg\" alt=\"rencontre litt\u00e9raire manosque\" align=\"left\">, sur Jean Giono, le Voyageur immobile, par Bruno Poirier, 2002 consult\u00e9 le 29 avril 2018 Le festival propose toutes sortes dactivit\u00e9s pour petits et grands. Et cette fois encore la liste des invit\u00e9s fait r\u00eaver : Olivier Adam, Louis-Philippe Dalembert, Marie Darrieussecq, Sylvain Tesson, Philippe Jaenada, Victoria Mas, Sylvain Prudhomme, Beata Umubyeyi Mairesse et Michel Fau, Jean-Quentin Ch\u00e2telain, Julie Depardieu pour les acteurs.-Lucien Jacques, le sourcier de Jean Giono, catalogue de lexposition, dir. Jean-Fran\u00e7ois Chougnet, Mucem-Actes Sud, octobre 2019. \u00c0 des fins de ciblage publicitaire et prospection commerciale au sein du Groupe Le Figaro, Ici nous nous adaptons \u00e0 vos param\u00e8tres et cest encore mieux de pouvoir les changer <img decoding=\"async\" src=\"http:\/\/3.bp.blogspot.com\/-ZUeDBGPogLk\/VdjSuaXLydI\/AAAAAAAAC5A\/yh7PsnA68J4\/s1600\/7017053-10736375.jpg\" alt=\"rencontre litt\u00e9raire manosque\" align=\"left\"> 10h : Lecture par Philippe Fr\u00e9chet : Les Vraies Richesses de Jean Giono extrait .<\/p>\n","protected":false},"excerpt":{"rendered":"<p>rencontre litt\u00e9raire manosque<\/p>\n","protected":false},"author":1,"featured_media":0,"comment_status":"closed","ping_status":"closed","sticky":false,"template":"","format":"standard","meta":{"footnotes":""},"categories":[1],"tags":[],"_links":{"self":[{"href":"http:\/\/bauclassroom.com\/info\/wp-json\/wp\/v2\/posts\/9628"}],"collection":[{"href":"http:\/\/bauclassroom.com\/info\/wp-json\/wp\/v2\/posts"}],"about":[{"href":"http:\/\/bauclassroom.com\/info\/wp-json\/wp\/v2\/types\/post"}],"author":[{"embeddable":true,"href":"http:\/\/bauclassroom.com\/info\/wp-json\/wp\/v2\/users\/1"}],"replies":[{"embeddable":true,"href":"http:\/\/bauclassroom.com\/info\/wp-json\/wp\/v2\/comments?post=9628"}],"version-history":[{"count":1,"href":"http:\/\/bauclassroom.com\/info\/wp-json\/wp\/v2\/posts\/9628\/revisions"}],"predecessor-version":[{"id":9629,"href":"http:\/\/bauclassroom.com\/info\/wp-json\/wp\/v2\/posts\/9628\/revisions\/9629"}],"wp:attachment":[{"href":"http:\/\/bauclassroom.com\/info\/wp-json\/wp\/v2\/media?parent=9628"}],"wp:term":[{"taxonomy":"category","embeddable":true,"href":"http:\/\/bauclassroom.com\/info\/wp-json\/wp\/v2\/categories?post=9628"},{"taxonomy":"post_tag","embeddable":true,"href":"http:\/\/bauclassroom.com\/info\/wp-json\/wp\/v2\/tags?post=9628"}],"curies":[{"name":"wp","href":"https:\/\/api.w.org\/{rel}","templated":true}]}}