{"id":9734,"date":"2020-10-12T21:33:50","date_gmt":"2020-10-12T21:33:50","guid":{"rendered":"http:\/\/bauclassroom.com\/info\/?p=9734"},"modified":"2020-10-03T16:18:52","modified_gmt":"2020-10-03T16:18:52","slug":"rencontre-schubert-beethoven","status":"publish","type":"post","link":"http:\/\/bauclassroom.com\/info\/2020\/10\/12\/rencontre-schubert-beethoven\/","title":{"rendered":"Rencontre Schubert Beethoven"},"content":{"rendered":"<p>Asset_icon_arrow_down asset_icon_burger asset_icon_close asset_icon_dailymotion asset_icon_facebook asset_icon_fullscreen asset_icon_hidevid asset_icon_img_defaut asset_icon_instagram asset_icon_newsletter asset_icon_podcast asset_icon_showvid asset_icon_twitter asset_icon_youtube est cr\u00e9\u00e9 \u00e0 Londres, o\u00f9 il meurt le 5 juin de la m\u00eame ann\u00e9e. 16, 17 et 18 septembre 2016. Un festival de Musique de Chambre autour du piano! Cest bien ainsi que Les Rendez-vous de Rochebonne, peuvent se d\u00e9finir comme lindique son Directeur artistique, le pianiste Herv\u00e9 Billaut. Ainsi, le temps dun week-end, la 12e \u00e9dition des En 1810: Premiers \u00e9crits quatuors, fantaisie en fa min. Pour 4 mains pour piano. Artistes tziganes, dont le violoniste Eduard Rem\u00e9nyi avec lequel il collabore. Ludwig van BEETHOVEN-LOuverture de Fidelio. LOrchestre philharmonique de Berlin sous la direction de Simon Rattle. EMI 5866102. Lecteur je ten fais juge ici ce que je ne pouvais pas faire dans mon article La visite de Beethoven en Sil\u00e9sie en 1806 est c\u00e9l\u00e9br\u00e9e chaque ann\u00e9e avec le Festival de musique de Beethoven Silesian a lieu chaque automne dans Glog\u00f3wek, Pologne. L\u00e9dition 2012 du Festival Beethoven en Glog\u00f3wek a pr\u00e9sent\u00e9 des performances de plusieurs compositions de Johann Sedlatzek qui avait \u00e9t\u00e9 perdu pr\u00e8s de 200 ans avant d\u00eatre d\u00e9couverte dans les archives de Londres au printemps 2012. Ces travaux ont \u00e9t\u00e9 effectu\u00e9s pr\u00e9c\u00e9demment perdus pour la premi\u00e8re fois depuis le 19\u00e8me si\u00e8cle le 6 Octobre 2012 fl\u00fbtiste et pianiste Elzbieta Wolenska Elzbieta Zawadzka pour honorer le mentor de Sedlatzek et contemporain, Ludwig van Beethoven, dans la ville de leur premi\u00e8re r\u00e9union. Remarques R\u00e9f\u00e9rences Enfin, il y avait aussi le probl\u00e8me de lignorance et du d\u00e9dain du monde musical fran\u00e7ais \u00e0 l\u00e9gard de cette musique et donc labsence dune quelconque tradition interpr\u00e9tative schubertienne https:www.bythelake.chwp-contentuploads201405sercets-de-l-alimentation-anti-inflammatoire-a-la-une.jpg 236 427 Sophie Bernaert http:www.bythelake.chwp-contentuploads201706Carlotta-Scooter-logo-bythelake-ete.jpg Sophie Bernaert 2014-05-29 20:57:36 2017-08-03 05:45:26 Les secrets de lalimentation anti-inflammatoire de Catherine Serfaty-Lacrosni\u00e8re Il a en effet \u00e9crit six cent lieders, 9 symphonies, un nombre insoup\u00e7onnable de sonates pour piano ainsi que de nombreuses messes et de la musique de chambre. Il avait donc une diversification tr\u00e8s large dans sa cr\u00e9ativit\u00e9. Il ne fut cependant pas tr\u00e8s dou\u00e9 pour lop\u00e9ra puisque bien quil en ait \u00e9crit de tr\u00e8s nombreux, ils nont pratiquement jamais \u00e9t\u00e9 jou\u00e9s, m\u00eame \u00e0 lheure actuelle. Son succ\u00e8s ne fut donc pas au m\u00eame titre que Mozart. Ce n\u00e9tait pas non plus un homme de th\u00e9\u00e2tre car il \u00e9tait bien trop introverti. Il naimait pas le contact avec le monde ext\u00e9rieur. Il aimait bien \u00e9videmment lamiti\u00e9, le contact avec ses proches mais en aucun cas se montrer. <img decoding=\"async\" src=\"http:\/\/www.rimirecourt.com\/medias\/images\/jury-2018-en.jpg\" alt=\"rencontre schubert beethoven\" align=\"center\"> <img decoding=\"async\" src=\"http:\/\/www.martin-helmchen.de\/clickandbuilds\/MartinHelmchen\/wp-content\/uploads\/2018\/05\/dvd-verbier.jpg\" alt=\"rencontre schubert beethoven\" align=\"right\"> Pour vous aider, une liste de mots cl\u00e9s vous est sugg\u00e9r\u00e9e d\u00e8s trois caract\u00e8res saisis. <img decoding=\"async\" src=\"http:\/\/celimene-daudet.com\/wp-content\/uploads\/2017\/01\/beethoven-cover.jpg\" alt=\"rencontre schubert beethoven\" align=\"center\">   https:www.bythelake.chwp-contentuploads201705Caroline-Chaverot-alaune.jpg 360 780 Julie Vasa http:www.bythelake.chwp-contentuploads201706Carlotta-Scooter-logo-bythelake-ete.jpg Julie Vasa 2017-05-10 21:03:41 2017-08-06 07:09:53 Caroline Chaverot : portrait dune Wonderwoman en baskets Je nai particip\u00e9 \u00e0 l\u00e9poque quaux deux concerts symphoniques, ce fut donc un passage furtif sur la place aixoise, cinq ou six jours tout au plus Je garde en revanche un souvenir imp\u00e9rissable de l\u00e9t\u00e9 2003, une \u00e9dition \u00e9pique sil en est : une canicule \u00e9crasante, mon \u00e9pouse enceinte et La Traviata avec, pour toile de fond, la gr\u00e8ve des intermittents Rocambolesque!  Le 13 juin 2020 Un atelier pour comprendre comment sest construite ma personnalit\u00e9..<\/p>\n","protected":false},"excerpt":{"rendered":"<p>rencontre schubert beethoven<\/p>\n","protected":false},"author":1,"featured_media":0,"comment_status":"closed","ping_status":"closed","sticky":false,"template":"","format":"standard","meta":{"footnotes":""},"categories":[1],"tags":[],"_links":{"self":[{"href":"http:\/\/bauclassroom.com\/info\/wp-json\/wp\/v2\/posts\/9734"}],"collection":[{"href":"http:\/\/bauclassroom.com\/info\/wp-json\/wp\/v2\/posts"}],"about":[{"href":"http:\/\/bauclassroom.com\/info\/wp-json\/wp\/v2\/types\/post"}],"author":[{"embeddable":true,"href":"http:\/\/bauclassroom.com\/info\/wp-json\/wp\/v2\/users\/1"}],"replies":[{"embeddable":true,"href":"http:\/\/bauclassroom.com\/info\/wp-json\/wp\/v2\/comments?post=9734"}],"version-history":[{"count":1,"href":"http:\/\/bauclassroom.com\/info\/wp-json\/wp\/v2\/posts\/9734\/revisions"}],"predecessor-version":[{"id":9735,"href":"http:\/\/bauclassroom.com\/info\/wp-json\/wp\/v2\/posts\/9734\/revisions\/9735"}],"wp:attachment":[{"href":"http:\/\/bauclassroom.com\/info\/wp-json\/wp\/v2\/media?parent=9734"}],"wp:term":[{"taxonomy":"category","embeddable":true,"href":"http:\/\/bauclassroom.com\/info\/wp-json\/wp\/v2\/categories?post=9734"},{"taxonomy":"post_tag","embeddable":true,"href":"http:\/\/bauclassroom.com\/info\/wp-json\/wp\/v2\/tags?post=9734"}],"curies":[{"name":"wp","href":"https:\/\/api.w.org\/{rel}","templated":true}]}}