{"id":9752,"date":"2020-10-12T12:13:50","date_gmt":"2020-10-12T12:13:50","guid":{"rendered":"http:\/\/bauclassroom.com\/info\/?p=9752"},"modified":"2020-10-03T16:48:56","modified_gmt":"2020-10-03T16:48:56","slug":"rencontre-de-jeunesse-marsens","status":"publish","type":"post","link":"http:\/\/bauclassroom.com\/info\/2020\/10\/12\/rencontre-de-jeunesse-marsens\/","title":{"rendered":"Rencontre De Jeunesse Marsens"},"content":{"rendered":"<p>2012 Vice-champions des rencontres des jeunesses Gruy\u00e9riennes \u00e0 Pont-la-Ville \u03bb\u03b1\u03c1\u03c5\u03b3\u03b3\u03b9\u03ba\u03ae \u03bc\u03ac\u03c3\u03ba\u03b1 \u03b4\u03b9\u03b1\u03c3\u03c9\u03bb\u03ae\u03bd\u03c9\u03c3\u03b7\u03c2 \u03b9\u03b4\u03b9\u03b1\u03b9\u03c4\u03b5\u03c1\u03b1 \u03bc\u03b1\u03b8\u03b7\u03bc\u03b1\u03c4\u03b1 \u03b3\u03b5\u03c1\u03bc\u03b1\u03bd\u03b9\u03ba\u03c9\u03bd \u03b1\u03b8\u03b7\u03bd\u03b1 \u03c4\u03b9\u03bc\u03b5\u03c2 Le chroniqueur: recueil historique et journal de lHelv\u00e9tie romande edited by Louis Vulliemin <img decoding=\"async\" src=\"http:\/\/r.llb.be\/image\/01\/52605d4c3570225c19f12c01.jpg\" alt=\"rencontre de jeunesse marsens\" align=\"left\">   des centaines de jeunes d\u00eatre baptis\u00e9s du Saint-Esprit Jean et Olivier passent le flambeau \u00e0 une \u00e9quipe damis quils ont su lever \u00e0 leurs c\u00f4t\u00e9s. Yves et Catherine Matthey, Blaise et Edith Thomi, Christophe Konrad, Christophe Monnot, David Guyaz, David Tripet, Christian Kuhn, Eddy Jeanneret. \u0398\u03b1 \u03b5\u03bc\u03c6\u03b1\u03bd\u03b9\u03c3\u03c4\u03b5\u03b9 \u03b7 \u03bb\u03bf\u03c5\u03ba\u03b9\u03b1 \u03c3\u03c4\u03bf \u03bc\u03c0\u03c1\u03bf\u03c5\u03c3\u03ba\u03bf \u03a7\u03c9\u03c1\u03af\u03c2 \u03a6\u03a0\u0391:6,44 Chu de che Je suis dici Sono di qui Ich bin von hier! Confirmation du mot de passe : Entrez le m\u00eame mot de passe pour confirmation. Je remercie la Jeunesse de Vaulruz pour cette superbe fin de semaine qui a \u00e9t\u00e9 merveilleuse et je remercie surtout la jeunesse pour le travail accompli. <img decoding=\"async\" src=\"http:\/\/www.mode-shop.fr\/images\/produits\/75\/robe-Free-People-16717863-2.jpg\" alt=\"rencontre de jeunesse marsens\" align=\"right\"> RJG 2018 est sur Facebook. Pour communiquer avec RJG 2018, inscrivez-vous sur Facebook d\u00e8s maintenant. \u0392\u03b5\u03c1\u03bd\u03af\u03ba\u03b9 \u039d\u03c5\u03c7\u03b9\u03ce\u03bd Gel Effect 2 \u0395\u03b2\u03b4\u03bf\u03bc\u03ac\u03b4\u03c9\u03bd \u03c7\u03c9\u03c1\u03af\u03c2 \u03bb\u03ac\u03bc\u03c0\u03b1\u0391\u03c0\u03cc\u03bb\u03b1\u03c5\u03c3\u03b5 \u03c5\u03b3\u03b9\u03ae \u03ba\u03b1\u03b9 \u03bb\u03b1\u03bc\u03c0\u03b5\u03c1\u03ac \u03bd\u03cd\u03c7\u03b9\u03b1 \u03b3\u03b9\u03b1 2 \u03b5\u03b2\u03b4\u03bf\u03bc\u03ac\u03b4\u03b5\u03c2. \u0394\u03b9\u03b1\u03b8\u03b5\u03c3\u03b9\u03bc\u03cc\u03c4\u03b7\u03c4\u03b1: \u03b1\u03c0\u03bf\u03bb\u03bb\u03c9\u03bd\u03b5\u03b9\u03bf \u03c6\u03c9\u03c3 facebook \u0394\u03b9\u03b1\u03b8\u03ad\u03c3\u03b9\u03bc\u03bf <img decoding=\"async\" src=\"http:\/\/caetco.files.wordpress.com\/2012\/08\/img_0708_redimensionner.jpg\" alt=\"rencontre de jeunesse marsens\" align=\"center\">  33e Rencontre des jeunesses gru\u00e9riennes, Riaz, le 1er juillet 2017 LibAlain Wicht Enseignement 10 \u00c9v\u00e9nements 8 ConnaitreDieu 3 Pr\u00e9sence de Dieu 3 Appel 2 Changement 2 Conversion 2 Foi 2 Gloire de Dieu 2 Mariage 2 Puissance 2 Rencontre 2 Royaume de Dieu 2 Saint-Esprit 2 Sanctification 2 Sexualit\u00e9 2 Vie chr\u00e9tienne 2 Vie int\u00e9rieure 2 Vie personnelle avec Dieu 2 Volont\u00e9 de Dieu 2 Abus sexuel 1 Amour 1 Bases de la foi 1 Bont\u00e9 de Dieu 1 Concert 1 Connaissance 1 Coronavirus 1 Croissance 1 D\u00e9livrance 1 Direction de Dieu 1 Doute 1 Esprit 1 Evang\u00e9lisation 1 Fragilit\u00e9 1 Fruit de lEsprit 1 Homosexualit\u00e9 1 Humilit\u00e9 1 Intimit\u00e9 1 J\u00e9sus 1 Je\u00fbne 1 Lib\u00e9ration 1 Louange 1 Louange francophone 1 Ob\u00e9issance 1 Onction 1 Parole de Dieu 1 Partenaires du TopChr\u00e9tien 1 Proph\u00e9ties 1 Puret\u00e9 1 Purification 1 Renoncement 1 Reportages 1 Saintet\u00e9 1 Soif de Dieu 1 Succ\u00e8s 1 Tentation 1 Vid\u00e9o 1 Vie professionnelle 1 Vie scolaire-\u00e9tudiante 1 Vie sociale 1 Vivre 1 Voeux 1 Vuln\u00e9rabilit\u00e9 1 La RJ est fond\u00e9e et dirig\u00e9e par le pr\u00e9cieux homme de foi et regrett\u00e9 Jean Blanc. Il sera second\u00e9 rapidement par Olivier Zaugg.<\/p>\n","protected":false},"excerpt":{"rendered":"<p>rencontre de jeunesse marsens<\/p>\n","protected":false},"author":1,"featured_media":0,"comment_status":"closed","ping_status":"closed","sticky":false,"template":"","format":"standard","meta":{"footnotes":""},"categories":[1],"tags":[],"_links":{"self":[{"href":"http:\/\/bauclassroom.com\/info\/wp-json\/wp\/v2\/posts\/9752"}],"collection":[{"href":"http:\/\/bauclassroom.com\/info\/wp-json\/wp\/v2\/posts"}],"about":[{"href":"http:\/\/bauclassroom.com\/info\/wp-json\/wp\/v2\/types\/post"}],"author":[{"embeddable":true,"href":"http:\/\/bauclassroom.com\/info\/wp-json\/wp\/v2\/users\/1"}],"replies":[{"embeddable":true,"href":"http:\/\/bauclassroom.com\/info\/wp-json\/wp\/v2\/comments?post=9752"}],"version-history":[{"count":1,"href":"http:\/\/bauclassroom.com\/info\/wp-json\/wp\/v2\/posts\/9752\/revisions"}],"predecessor-version":[{"id":9753,"href":"http:\/\/bauclassroom.com\/info\/wp-json\/wp\/v2\/posts\/9752\/revisions\/9753"}],"wp:attachment":[{"href":"http:\/\/bauclassroom.com\/info\/wp-json\/wp\/v2\/media?parent=9752"}],"wp:term":[{"taxonomy":"category","embeddable":true,"href":"http:\/\/bauclassroom.com\/info\/wp-json\/wp\/v2\/categories?post=9752"},{"taxonomy":"post_tag","embeddable":true,"href":"http:\/\/bauclassroom.com\/info\/wp-json\/wp\/v2\/tags?post=9752"}],"curies":[{"name":"wp","href":"https:\/\/api.w.org\/{rel}","templated":true}]}}