{"id":9848,"date":"2020-10-12T14:38:03","date_gmt":"2020-10-12T14:38:03","guid":{"rendered":"http:\/\/bauclassroom.com\/info\/?p=9848"},"modified":"2020-10-03T20:08:10","modified_gmt":"2020-10-03T20:08:10","slug":"rencontres-amoureuses-creil","status":"publish","type":"post","link":"http:\/\/bauclassroom.com\/info\/2020\/10\/12\/rencontres-amoureuses-creil\/","title":{"rendered":"Rencontres Amoureuses Creil"},"content":{"rendered":"<p>Wikipedia is hosted by the, a non-profit organization that also hosts a range of other projects. Naho revient dans un seul en sc\u00e8ne aussi \u00e9mouvant que survolt\u00e9, avec cette \u00e9ternelle question : Mais pourquoi moi, mon DIEU. Situation Centre des Rencontres de Creil est une salle de r\u00e9ception Agglocreilloise.fr est le magazine de la Communaut\u00e9 de lAgglom\u00e9ration Creilloise. Il est distribu\u00e9 dans chaque foyer du territoire. Sculpture sur fruits et l\u00e9gumes-10h30 \u00e0 12h 13h30 \u00e0 16h r\u00e9servation conseill\u00e9e -Cheveux : Brun noir-173 cm-Statut civil: C\u00e9libataire <img decoding=\"async\" src=\"http:\/\/general.gabygannon.com\/wp-content\/uploads\/2017\/06\/Gilad-et-Abu-Khaled-Amilcar-Vladimir-et-Jorge-Alberto-et-Jean-de-Dieu-et-Patient-Karim-Ben-Khelifa-IMA-314x160.jpg\" alt=\"rencontres amoureuses creil\" align=\"left\"> Chaque participant peut concourir dans chaque cat\u00e9gorie mais une seule fois par cat\u00e9gorie 3 participations possibles. Gratuit sur r\u00e9servation nombre de places limit\u00e9es \u00e0 10 personnes Genre: th\u00e9\u00e2tre, adaptation th\u00e9\u00e2trale dapr\u00e8s le roman de Claire Etcherelli En raison des travaux rue Jean Jaur\u00e8s \u00e0 Nogent-Sur-Oise, les lignes B et C extension Herriot seront d\u00e9vi\u00e9es par la rue Edouard Herriot selon litin\u00e9raire de d\u00e9viation. Etant situ\u00e9 \u00e0 seulement 30 kilom\u00e8tres de Paris, l a lavantage d\u00eatre le d\u00e9partement non francilien le plus proche de la capitale. Cest le d\u00e9partement id\u00e9al pour ceux qui travaillent \u00e0 Paris mais pr\u00e9f\u00e8rent vivre au calme et au vert, loin de son effervescence quotidienne. Dot\u00e9e dun grand parc naturel, danciennes cit\u00e9s royales et de nombreuses villes de plus de 10 000 habitants o\u00f9 faire des rencontres, lOise offre un concentr\u00e9 dhistoire, de nature et de loisirs unique. On succombe au charme de Beauvais et sa cath\u00e9drale ou encore de Compi\u00e8gne et Chantilly et leurs ch\u00e2teaux respectifs. De Noyon \u00e0 Chaumont-en-Vexin en passant par Clermont et Beauvais, les visites \u00e0 faire ne manquent pas, que ce soit en couple ou en c\u00e9libataire. Beaut\u00e9s architecturales de lOise Membres de la Confr\u00e9rie des Amateurs de Vapeur, les Amis de la Vapeur de lOise AVO organisent r\u00e9guli\u00e8rement des journ\u00e9es de circulation de petits trains dans le parc de la Br\u00e8che. Ces manifestations gratuites et ouvertes \u00e0 tous ont lieu sur un r\u00e9seau ferr\u00e9 de 1000 m\u00e8tres. Nous vous invitons \u00e0 prendre toutes vos pr\u00e9cautions. COMMENT SY RENDRE : Ligne de bus A arr\u00eat Mairie puis 15 mn \u00e0 pied Nogent en F\u00eates organise son repas dansant de la saint-jean le 26 juin 2016 \u00e0 partir de 12h-39 Atypikoo est un r\u00e9seau social priv\u00e9 d\u00e9di\u00e9 aux atypiques : Surdou\u00e9s Hypersensibles Surefficients Philo-cognitifs Haut Potentiels Intellectuels HPI Emotionnels HPE Z\u00e8bres Hyper-fonctionnants Aspies. Inscrivez vous aux Boucles du Rail qui ont lieu le 18 Septembre 2016. Le d\u00e9part des courses est programm\u00e9 \u00e0 9h au March\u00e9 Couvert.  Adapt\u00e9e au cin\u00e9ma par Alain Resnais en 1993, cette version th\u00e9\u00e2trale dEric M\u00e9tayer met en sc\u00e8ne des personnages tour \u00e0 tour dr\u00f4les, path\u00e9tiques et \u00e9mouvants, dans cette vie sur mesure. <img decoding=\"async\" src=\"http:\/\/www.durrantgs.tk\/wp-content\/uploads\/2017\/12\/pierre-lamalattie-roman-art-interstices-533x261.jpg\" alt=\"rencontres amoureuses creil\" align=\"left\"> Les arr\u00eats Jaur\u00e8s et La Cav\u00e9e en direction de la Gare de Creil, seront transf\u00e9r\u00e9s selon le sch\u00e9ma ci-dessous. Centre de Transfert de Technologie d\u00e9di\u00e9 \u00e0 laccompagnement des industriels concern\u00e9s par les polym\u00e8res et mati\u00e8res plastiques. Reconnu Centre de Ressources Technologiques CRT par lEtat, le CRITT dispose des moyens et comp\u00e9tences permettant daccompagner les industriels dans le cadre de prestations, innovations, et projets de recherche et d\u00e9veloppement depuis le concept jusqu\u00e0 lindustrialisation. <img decoding=\"async\" src=\"http:\/\/www.life.alwaysgreatsmile.com\/wp-content\/uploads\/2018\/06\/27-06-18-FESTIVAL-2-485x300.jpg\" alt=\"rencontres amoureuses creil\" align=\"left\"> Cette manifestation se situe dans le cadre dun partenariat entre lEducation Nationale, la ville de Nogent sur Oise, le Conseil G\u00e9n\u00e9ral et le Conseil R\u00e9gional. .<\/p>\n","protected":false},"excerpt":{"rendered":"<p>rencontres amoureuses creil<\/p>\n","protected":false},"author":1,"featured_media":0,"comment_status":"closed","ping_status":"closed","sticky":false,"template":"","format":"standard","meta":{"footnotes":""},"categories":[1],"tags":[],"_links":{"self":[{"href":"http:\/\/bauclassroom.com\/info\/wp-json\/wp\/v2\/posts\/9848"}],"collection":[{"href":"http:\/\/bauclassroom.com\/info\/wp-json\/wp\/v2\/posts"}],"about":[{"href":"http:\/\/bauclassroom.com\/info\/wp-json\/wp\/v2\/types\/post"}],"author":[{"embeddable":true,"href":"http:\/\/bauclassroom.com\/info\/wp-json\/wp\/v2\/users\/1"}],"replies":[{"embeddable":true,"href":"http:\/\/bauclassroom.com\/info\/wp-json\/wp\/v2\/comments?post=9848"}],"version-history":[{"count":1,"href":"http:\/\/bauclassroom.com\/info\/wp-json\/wp\/v2\/posts\/9848\/revisions"}],"predecessor-version":[{"id":9849,"href":"http:\/\/bauclassroom.com\/info\/wp-json\/wp\/v2\/posts\/9848\/revisions\/9849"}],"wp:attachment":[{"href":"http:\/\/bauclassroom.com\/info\/wp-json\/wp\/v2\/media?parent=9848"}],"wp:term":[{"taxonomy":"category","embeddable":true,"href":"http:\/\/bauclassroom.com\/info\/wp-json\/wp\/v2\/categories?post=9848"},{"taxonomy":"post_tag","embeddable":true,"href":"http:\/\/bauclassroom.com\/info\/wp-json\/wp\/v2\/tags?post=9848"}],"curies":[{"name":"wp","href":"https:\/\/api.w.org\/{rel}","templated":true}]}}