{"id":987,"date":"2020-09-20T21:03:04","date_gmt":"2020-09-20T21:03:04","guid":{"rendered":"http:\/\/bauclassroom.com\/info\/?p=987"},"modified":"2020-09-19T13:11:49","modified_gmt":"2020-09-19T13:11:49","slug":"rencontre-vercheres","status":"publish","type":"post","link":"http:\/\/bauclassroom.com\/info\/2020\/09\/20\/rencontre-vercheres\/","title":{"rendered":"Rencontre Vercheres"},"content":{"rendered":"<p>Les sapeurs-pompiers sont mobilis\u00e9s sur le Rh\u00f4ne ce samedi en fin de journ\u00e9e. Temple du rugby \u00e0 Bourg-en-Bresse, il est nomm\u00e9 ainsi en m\u00e9moire de, trois-quarts aile de l, qui mourut le des suites dun violent plaquage subi lors dune opposition contre l, le dimanche. Pour vous j\u00e9tudie, pour vous je travaille, pour vous je vis, pour vous je suis dispos\u00e9 \u00e0 donner jusqu\u00e0 ma vie  Tennis Club du Sal\u00e8ve-46 Rue des Verch\u00e8res, 74100 Ville-la-Grand I Nclub FFT : 50 74 0052 I Tel. 04 50 38 11 09 Pour profiter de toutes nos capsules YouTube, nh\u00e9sitez pas \u00e0 vous abonner \u00e0 notre cha\u00eene LIEN DANS LE PROFIL Les fr\u00e8res ont, eux aussi, besoin d\u00e9coute Je suis leur Provincial. <img decoding=\"async\" src=\"http:\/\/www.lareleve.qc.ca\/wp-content\/uploads\/2018\/05\/Sans-titre-2-6.jpg\" alt=\"rencontre vercheres\" align=\"center\"> Inscrivez-vous \u00e0 l INFOLETTRE pour \u00eatre inform\u00e9 des nouvelles publications. Cela augmentera ainsi sa valeur marchande tout en r\u00e9duisant les arguments de n\u00e9gociation de lacheteur potentiel. 1707-1776 Mari\u00e9e le 17 octobre 1727, Ange Gardien Qu\u00e9, page 488 : de van, s M, du latin vannum, par lanalogie de la forme, p\u00e2turages creus\u00e9s en bassins arrondis, sommets pr\u00e9sentant des cirques rocheux en forme de van et page 489.. Enfin les Vanils ou Vanys, nom g\u00e9n\u00e9rique de tous les sommets de la Gruy\u00e8re, aux flancs souvent coup\u00e9s de couloirs \u00e9troits ; le nom des couloirs a pass\u00e9 par extension aux sommets eux-m\u00eames..  souvent on\u00e9reuses et prendre une d\u00e9cision \u00e9clair\u00e9e. Christian gr oups went out to talk to peop le on the str eets. Cette posture de yoga permet de bien \u00e9tirer les c\u00f4t\u00e9s du torse et d\u00e9tirer la colonne vert\u00e9brale lat\u00e9ralement. Durant cette rencontre, on a rendu hommage \u00e0 celui qui a orchestr\u00e9 la fondation du Conseil de Verch\u00e8res en 1980 et qui a \u00e9t\u00e9 le premier Grand Chevalier: Monsieur Raymond Roy. Celui qui est d\u00e9c\u00e9d\u00e9 en 2013 et qui a toujours \u00e9t\u00e9 d\u00e9vou\u00e9 envers sa communaut\u00e9. R\u00c9ACTIVIT\u00c9 Retour dappel ou de courriel dans un d\u00e9lai de 1h, remise du rapport dinspection sous 48h.  enseignants des \u00e9coles, coll\u00e8ges et lyc\u00e9es de la r\u00e9gion, grand public. <img decoding=\"async\" src=\"http:\/\/lecontrecourant.ca\/wp-content\/uploads\/2017\/05\/pubrpc.jpg\" alt=\"rencontre vercheres\" align=\"left\"> <img decoding=\"async\" src=\"http:\/\/marigot.ca\/Pml\/images\/chapitre%202\/201.jpg\" alt=\"rencontre vercheres\" align=\"right\"> Leffet p\u00e8lerin commence. Les personnes que nous croisons nous posent des questions et nous demandent damener leurs intentions \u00e0 Sainte-Anne-de-Beaupr\u00e9. Elles prient pour nous et pour que puissions avoir du soleil pendant notre voyage. Les \u00e9lus me soutiennent-Patrice VERCHERE-D\u00e9put\u00e9 du Rh\u00f4ne 69-8\u00e8me circonscription On constate que l\u00e9quilibre entre la M\u00e9tropole et la partie rurale du d\u00e9partement sera nettement mieux respect\u00e9e avec ce duo annonc\u00e9. On sait combien lactuel pr\u00e9sident du D\u00e9partement du Rh\u00f4ne a souffert de la situation actuelle, avec Michel Forissier et Philippe Cochet, deux m\u00e9tropolitains aux manettes. Pas de d\u00e9bat mais une rencontre avec les candidats dans Verch\u00e8res-La Rel\u00e8ve.<\/p>\n","protected":false},"excerpt":{"rendered":"<p>rencontre vercheres<\/p>\n","protected":false},"author":1,"featured_media":0,"comment_status":"closed","ping_status":"closed","sticky":false,"template":"","format":"standard","meta":{"footnotes":""},"categories":[1],"tags":[],"_links":{"self":[{"href":"http:\/\/bauclassroom.com\/info\/wp-json\/wp\/v2\/posts\/987"}],"collection":[{"href":"http:\/\/bauclassroom.com\/info\/wp-json\/wp\/v2\/posts"}],"about":[{"href":"http:\/\/bauclassroom.com\/info\/wp-json\/wp\/v2\/types\/post"}],"author":[{"embeddable":true,"href":"http:\/\/bauclassroom.com\/info\/wp-json\/wp\/v2\/users\/1"}],"replies":[{"embeddable":true,"href":"http:\/\/bauclassroom.com\/info\/wp-json\/wp\/v2\/comments?post=987"}],"version-history":[{"count":1,"href":"http:\/\/bauclassroom.com\/info\/wp-json\/wp\/v2\/posts\/987\/revisions"}],"predecessor-version":[{"id":988,"href":"http:\/\/bauclassroom.com\/info\/wp-json\/wp\/v2\/posts\/987\/revisions\/988"}],"wp:attachment":[{"href":"http:\/\/bauclassroom.com\/info\/wp-json\/wp\/v2\/media?parent=987"}],"wp:term":[{"taxonomy":"category","embeddable":true,"href":"http:\/\/bauclassroom.com\/info\/wp-json\/wp\/v2\/categories?post=987"},{"taxonomy":"post_tag","embeddable":true,"href":"http:\/\/bauclassroom.com\/info\/wp-json\/wp\/v2\/tags?post=987"}],"curies":[{"name":"wp","href":"https:\/\/api.w.org\/{rel}","templated":true}]}}