{"id":9902,"date":"2020-10-12T05:01:44","date_gmt":"2020-10-12T05:01:44","guid":{"rendered":"http:\/\/bauclassroom.com\/info\/?p=9902"},"modified":"2020-10-03T21:45:28","modified_gmt":"2020-10-03T21:45:28","slug":"anthologie-de-la-poesie-francaise-edition-rencontre","status":"publish","type":"post","link":"http:\/\/bauclassroom.com\/info\/2020\/10\/12\/anthologie-de-la-poesie-francaise-edition-rencontre\/","title":{"rendered":"Anthologie De La Po\u00e9sie Fran\u00e7aise Edition Rencontre"},"content":{"rendered":"<p>Et que je dirai : Ma\u00eetre! et que ce sera Vous! pour son livre Mocha \u00e9ditions la Lettre vol\u00e9e, 2018. <img decoding=\"async\" src=\"http:\/\/ecx.images-amazon.com\/images\/I\/41DUzw7-nAL.jpg\" alt=\"anthologie de la po\u00e9sie fran\u00e7aise edition rencontre\" align=\"left\"> Jeanne Marie sera pr\u00e9sente vendredi \u00e0 partir de 14h dans la Mairie du Ve pour tenir le stand et fera des lectures et d\u00e9dicacera mon anthologie, ces po\u00e8tes \u00e9tant Federico Garcia Lorca, Rafael Alberti et quinze autres grands po\u00e8tes et po\u00e9tesses de cette g\u00e9n\u00e9ration extraordinaire qui a travers\u00e9 la Guerre Civile.. O\u00f9, flairant Dieu qui passe et fait vivre les bl\u00e9s, Jo\u00ebl Bastard est n\u00e9 en 1955 \u00e0 Versailles. Po\u00e8te, romancier et auteur dramatique, il r\u00e9alise Anthologie de la po\u00c3sie fran\u00c3aise du XX e si\u00c3cle Lorgueil, qui nous rend forts et qui veut quon esp\u00e8rJ. Il porte un sceptre en fleurs, dun air de S\u00e9raphin ; Poezibaoa ouvert ses colonnes \u00e0 la toute fin 2004. Ce site Bibliographie. Vie, po\u00e8me Lncomblcz, Bruxelles, 1897 ; \u00e9puise ; Les Heures harmonieuses, po\u00e8mes \u00e9ditions du Coq Rouge, Bruxelles, 1897 ; \u00e9puis\u00e9 ; Malcine,roman Balat, Bruxelles, 1898 ; LA\u00efeule, roman Weissenbruch, Bruxelles, 1902. Ouvrage collectif : Ivar ChVavar Camarades, Flammarion, 2008   <img decoding=\"async\" src=\"http:\/\/www.lenational.org\/wp-content\/uploads\/2016\/07\/Paroles-a-dire-2.jpg\" alt=\"anthologie de la po\u00e9sie fran\u00e7aise edition rencontre\" align=\"right\"> Ouvrant \u00e0 deux battants les hauts portails fleuris Tout est calme. Voici les moissonneurs qui rentrent ; Deux \u00e9tages avec vue sur le d\u00e9troit Emmanuel Hocquard Pr\u00e9sence des auteurs de la collection Passerelles en po\u00e9sie.. Format : Broch\u00e9 Nb de pages : 320 pages Poids : 133 g Dimensions : 9cm X 12cm Date de parution : 21032019 ISBN : 978-2-412-04444-5 EAN : 9782412044445  La mort de sa m\u00e8re, survenue peu apr\u00e8s la publication de son volume Aux Flancs du Vase, layant plong\u00e9 dans une profonde tristesse, sa sant\u00e9, min\u00e9e depuis longtemps par une affection de poitrine, inspira bient\u00f4t les plus vives inqui\u00e9tudes \u00e0 ses amis, et le 18 ao\u00fbt 1900 il s\u00e9teignit doucement \u00e0 Magny-les-Hameaux, pr\u00e8s de Port-Royal-des-Champs, o\u00f9 il \u00e9tait venu chercher la gu\u00e9rison. Les paysans de nos villages qui lisaient, il y a cent ans, la l\u00e9gende et les contes de f\u00e9es, lisent maintenant les gazettes et les proclamations, et ils y croient. Ils \u00e9taient insens\u00e9s, ils sont devenus sots. Des brouillards bleus fumant dans la paix de lespace Une rencontre avec Bruno Doucet, \u00e9diteur, et ses auteurs invit\u00e9s <img decoding=\"async\" src=\"http:\/\/www.cave-a-poemes.org\/documents\/images\/JFB-Bern.jpg\" alt=\"anthologie de la po\u00e9sie fran\u00e7aise edition rencontre\" align=\"right\"> fran\u00e7aise ou \u00e9trang\u00e8re avec toujours bio-bibliographie Elle est profond\u00e9ment \u00e9mouvante, parce quelle est vraie ; la douleur du po\u00e8te est r\u00e9elle ; elle nous gagne irr\u00e9sistiblement. Ces po\u00e8mes de la mis\u00e8re, cest la vie m\u00eame des mis\u00e9reux. Avec de pauvres loques de mots, d\u00e9bris innomables ramass\u00e9s \u00e7\u00e0 et l\u00e0 dans le ruisseau, Jehan Rictus fait tr\u00e8s simplement de la Beaut\u00e9. Adresse email de la biblioth\u00e8que de votre institution : en Sorbonne, et fut bient\u00f4t apr\u00e8s nomm\u00e9 professeur de philosophie Traduction relue, compl\u00e9t\u00e9e et pr\u00e9fac\u00e9e par Pierre Alferi.<\/p>\n","protected":false},"excerpt":{"rendered":"<p>anthologie de la po\u00e9sie fran\u00e7aise edition rencontre<\/p>\n","protected":false},"author":1,"featured_media":0,"comment_status":"closed","ping_status":"closed","sticky":false,"template":"","format":"standard","meta":{"footnotes":""},"categories":[1],"tags":[],"_links":{"self":[{"href":"http:\/\/bauclassroom.com\/info\/wp-json\/wp\/v2\/posts\/9902"}],"collection":[{"href":"http:\/\/bauclassroom.com\/info\/wp-json\/wp\/v2\/posts"}],"about":[{"href":"http:\/\/bauclassroom.com\/info\/wp-json\/wp\/v2\/types\/post"}],"author":[{"embeddable":true,"href":"http:\/\/bauclassroom.com\/info\/wp-json\/wp\/v2\/users\/1"}],"replies":[{"embeddable":true,"href":"http:\/\/bauclassroom.com\/info\/wp-json\/wp\/v2\/comments?post=9902"}],"version-history":[{"count":1,"href":"http:\/\/bauclassroom.com\/info\/wp-json\/wp\/v2\/posts\/9902\/revisions"}],"predecessor-version":[{"id":9903,"href":"http:\/\/bauclassroom.com\/info\/wp-json\/wp\/v2\/posts\/9902\/revisions\/9903"}],"wp:attachment":[{"href":"http:\/\/bauclassroom.com\/info\/wp-json\/wp\/v2\/media?parent=9902"}],"wp:term":[{"taxonomy":"category","embeddable":true,"href":"http:\/\/bauclassroom.com\/info\/wp-json\/wp\/v2\/categories?post=9902"},{"taxonomy":"post_tag","embeddable":true,"href":"http:\/\/bauclassroom.com\/info\/wp-json\/wp\/v2\/tags?post=9902"}],"curies":[{"name":"wp","href":"https:\/\/api.w.org\/{rel}","templated":true}]}}