{"id":9932,"date":"2020-10-12T00:16:37","date_gmt":"2020-10-12T00:16:37","guid":{"rendered":"http:\/\/bauclassroom.com\/info\/?p=9932"},"modified":"2020-10-03T22:45:31","modified_gmt":"2020-10-03T22:45:31","slug":"rencontres-polyphoniques-calvi-2013","status":"publish","type":"post","link":"http:\/\/bauclassroom.com\/info\/2020\/10\/12\/rencontres-polyphoniques-calvi-2013\/","title":{"rendered":"Rencontres Polyphoniques Calvi 2013"},"content":{"rendered":"<p><img decoding=\"async\" src=\"http:\/\/www.corsematin.com\/media_corsematin\/imagecache\/article-taille-normale-nm\/image\/protec\/2012\/09\/17\/18405073.jpg\" alt=\"rencontres polyphoniques calvi 2013\" align=\"right\"> Une de leurs derni\u00e8res cr\u00e9ations musicales est n\u00e9e de leur rencontre avec la chanteuse libanaise Fadia Tomb El-Hage. R\u00e9unis pour la premi\u00e8re fois par le chor\u00e9graphe pour son spectacle Puzzle, cest \u00e0 la demande du festival \u00cele-de-France, \u00e9dition 2013, que les artistes imaginent Conversations-Rencontre en Orient et Occident, un r\u00e9pertoire compos\u00e9 de chants profanes et sacr\u00e9s, interpr\u00e9t\u00e9s en corse, arabe ou syriaque.  21En 1520, Calvi compte 6 000 habitants sur deux hectares et demi. Cette forte concentration de population explique la construction, l\u00e0 encore, de maisons hautes et \u00e9troites reposant sur des caves vout\u00e9es am\u00e9nag\u00e9es en boutiques. Les ruelles \u00e9troites sont construites pour laisser passer un homme \u00e0 cheval.  \u03c3\u03bf\u03bc\u03c0\u03b5\u03c2 \u03c5\u03b3\u03c1\u03b1\u03b5\u03c1\u03b9\u03bf\u03c5 \u03b5\u03c3\u03c9\u03c4\u03b5\u03c1\u03b9\u03ba\u03bf\u03c5 \u03c7\u03c9\u03c1\u03bf\u03c5 \u03ba\u03c5\u03c0\u03c1\u03bf\u03c2 \u03c0\u03c1\u03bf\u03b5\u03c4\u03bf\u03b9\u03bc\u03b1\u03c3\u03af\u03b1 \u03b3\u03b9\u03b1 \u03b3\u03b1\u03c3\u03c4\u03c1\u03bf\u03c3\u03ba\u03cc\u03c0\u03b7\u03c3\u03b7 Breadcrumb Rennes: deux hommes blesss au couteau devant un cinma 2 Rubrique. Indre-et-Loire: un homme battu mort pour une place de parking. 17: 52 1709 Cest Joanna. Je suis libanaise. Rencontre Jdeideh, Metn, Liban 01 02 03 04 Page suivante Plus de rsultats de recherche pour Liban Homme clibataire Rencontre homme libanais paris. Dans conditions sant scurit paris aux consommateurs de bnficier. Installer nouveau bonheur pour le restant de nos Le prsident chinois Xi Jinping a rencontr mardi son homologue serbe. La Chine est prte cooprer avec le monde en matire de droits de lhomme 15 sept 2012. Rencontre du Saint-Pre avec les membres du Gouvernement, des. Dans le plan de Dieu, qui la imprime dans le cur de lhomme Premire Urgence Internationale vient en aide aux victimes civiles, marginalises ou exclues par les effets de catastrophes naturelles, de guerres et de Lesite. Tv, la plateforme gratuite pdagogique pour les enseignants propose des contenus audios et videos accompagns de livrets pdagogiques en YaGharami est le Premier site de rencontre Libanais. Il y a actuellement des milliers dhommes et de femmes au Liban qui sont la recherche damour et de 2 mars 2017. Juger Georges Ghanem, sa posie et sa. Site rencontre avec libanais. Site rencontre avec. Femme Mure Cherche Jeune Homme. Escort Girl A Retour sur la premire rencontre du rseau France Al. Publi le 16 novembre 2017. Aprs avoir t accueillis par Monsieur Bruno Foucher, Ambassadeur de Une dlgation dambassadeurs sest rendue en Centre-Val de Loire afin de rencontrer le prsident de la Rgion pour voquer les enjeux conomiques mais LLB is the french national laboratory of neutron scattering LHomme la socit 20044. Cette tendance du cinma libanais ne rencontre pas le mme succs, auprs du public libanais, que les films commerciaux qui Envie de rencontrer un gay libanais. Mongars est le site gay-only quil te faut. Je suis tunisien libanais la recherche dun homme qui mentretien 9 sept 2018. Photo dun homme livrant un combat au bras de fer Jounieh Liban, La rencontre inaugurale de la deuxime dition du Championnat. Posts navigation Ce sujet a \u00e9t\u00e9 diffus\u00e9 dans le journal t\u00e9l\u00e9vis\u00e9 de 13h du 12092018 pr\u00e9sent\u00e9 par Jacques Legros sur TF1. Vous retrouverez au programme du JT de 13h du 12 septembre 2018 des reportages sur lactualit\u00e9 politique \u00e9conomique, internationale et culturelle, des analyses et rebonds sur les principaux th\u00e8mes du jour, des sujets en r\u00e9gions ainsi que des enqu\u00eates sur les sujets qui concernent le quotidien des Fran\u00e7ais. Du 29 septembre au 1er octobre 2020 : Pr\u00e9ventica Lyon Du 06072015 au 24082015-Peru Casevechje. I Luni di lidentit\u00e0 Puis Ray Lema et le groupe quil a rassembl\u00e9 pour son Nzimbu Project font leur entr\u00e9e. Le Congo Kinshasa de Ray retrouve le Congo Brazzaville de Ballou Canta et Fredy Massamba auxquels se joint la guitare de Rodrigo Viana. Ray Lema est aussi un musicien de rencontres et douverture. Le public mass\u00e9 dans la cath\u00e9drale a fait un triomphe \u00e0 ce groupe qui a enflamm\u00e9 la soir\u00e9e. D\u00e9cid\u00e9ment, ces 25es Rencontres ont bien commenc\u00e9! Mort le 27 mars, \u00e0 Paris, \u00e0 l\u00e2ge de 65 ans, Fr\u00e9d\u00e9ric Deval \u00e9tait, comme la \u00e9crit notre coll\u00e8gue Patrick Labesse, le ma\u00eetre de c\u00e9r\u00e9monie de passionnantes rencontres musicales quil provoquait depuis plus de quinze ans \u00e0 la Fondation Royaumont. Il avait rejoint l\u00e9quipe de Royaumont en 1998, o\u00f9 il assura dabord, au c\u00f4t\u00e9 de Marcel P\u00e9r\u00e8s, la direction ex\u00e9cutive du Centre europ\u00e9en pour la recherche et linterpr\u00e9tation des musiques m\u00e9di\u00e9vales, avant de prendre en 2000 la direction dun nouveau d\u00e9partement consacr\u00e9 aux musiques orales et improvis\u00e9es, devenu en 2013 Programme des musiques transculturelles. Le week-end musical des samedi 17 et dimanche 18 septembre, sous lintitul\u00e9 Pour que lart ne devienne pas \u00e9tranger, lui est d\u00e9di\u00e9, indique le site Internet de la fondation. Avec des m\u00e9langes entre genres et cultures musicales propos\u00e9s par le chanteur Marc Nammour pour une cr\u00e9ation intitul\u00e9e 99, puis le fl\u00fbtiste Magic Malik samedi 17 et le guitariste Serge Tessot-Gay dimanche 18. Sylvain Siclier A liniziu cera a voce.. La magie des voix dans un cadre exceptionnel <img decoding=\"async\" src=\"http:\/\/photos.ubiflow.net\/640160\/146890980\/photos\/1.jpg\" alt=\"rencontres polyphoniques calvi 2013\" align=\"left\"> Festival La Folle Journ\u00e9e de Nantes en R\u00e9gion Pays de la Loire.  Le 29042015 20:30-Flers 61. Cuncertu di Tavagna 1\u00e8re \u00e9dition du Festival de th\u00e9\u00e2tre \u00e0 Farinole du 10 au 13 ao\u00fbt, place de l\u00e9glise organis\u00e9 par lAssociation U Scalu Vechju. <img decoding=\"async\" src=\"http:\/\/img.over-blog.com\/393x500\/0\/43\/14\/09\/2010\/couv-Passeur-DVD.jpg\" alt=\"rencontres polyphoniques calvi 2013\" align=\"center\"> Les 24 et 25 d\u00e9cembre programme des c\u00e9l\u00e9brations de No\u00ebl dans le Nebbiu Conca dOru Le 23072012-Peru Casevechje. I Luni di lidentit\u00e0 \u03c6\u03b5\u03bb\u03bb\u03bf\u03c2 \u03bc\u03b5 \u03c4\u03bf \u03bc\u03b5\u03c4\u03c1\u03bf \u03b3\u03b9\u03b1 \u03c4\u03c3\u03b1\u03bd\u03c4\u03b5\u03c2 \u039b\u03b5\u03b9\u03c4\u03bf\u03c5\u03c1\u03b3\u03b9\u03ba\u03cc \u03a3\u03cd\u03c3\u03c4\u03b7\u03bc\u03b1.<\/p>\n","protected":false},"excerpt":{"rendered":"<p>rencontres polyphoniques calvi 2013<\/p>\n","protected":false},"author":1,"featured_media":0,"comment_status":"closed","ping_status":"closed","sticky":false,"template":"","format":"standard","meta":{"footnotes":""},"categories":[1],"tags":[],"_links":{"self":[{"href":"http:\/\/bauclassroom.com\/info\/wp-json\/wp\/v2\/posts\/9932"}],"collection":[{"href":"http:\/\/bauclassroom.com\/info\/wp-json\/wp\/v2\/posts"}],"about":[{"href":"http:\/\/bauclassroom.com\/info\/wp-json\/wp\/v2\/types\/post"}],"author":[{"embeddable":true,"href":"http:\/\/bauclassroom.com\/info\/wp-json\/wp\/v2\/users\/1"}],"replies":[{"embeddable":true,"href":"http:\/\/bauclassroom.com\/info\/wp-json\/wp\/v2\/comments?post=9932"}],"version-history":[{"count":1,"href":"http:\/\/bauclassroom.com\/info\/wp-json\/wp\/v2\/posts\/9932\/revisions"}],"predecessor-version":[{"id":9933,"href":"http:\/\/bauclassroom.com\/info\/wp-json\/wp\/v2\/posts\/9932\/revisions\/9933"}],"wp:attachment":[{"href":"http:\/\/bauclassroom.com\/info\/wp-json\/wp\/v2\/media?parent=9932"}],"wp:term":[{"taxonomy":"category","embeddable":true,"href":"http:\/\/bauclassroom.com\/info\/wp-json\/wp\/v2\/categories?post=9932"},{"taxonomy":"post_tag","embeddable":true,"href":"http:\/\/bauclassroom.com\/info\/wp-json\/wp\/v2\/tags?post=9932"}],"curies":[{"name":"wp","href":"https:\/\/api.w.org\/{rel}","templated":true}]}}