{"id":9980,"date":"2020-10-12T23:33:49","date_gmt":"2020-10-12T23:33:49","guid":{"rendered":"http:\/\/bauclassroom.com\/info\/?p=9980"},"modified":"2020-10-04T00:29:35","modified_gmt":"2020-10-04T00:29:35","slug":"rencontres-s-evres","status":"publish","type":"post","link":"http:\/\/bauclassroom.com\/info\/2020\/10\/12\/rencontres-s-evres\/","title":{"rendered":"Rencontres S Evres"},"content":{"rendered":"<p>Un tr\u00e8s chouette salon, on ty revoit lan prochain? Je suis a la recherche dune amie sur laquelle je pourrais compter avec laquelle je pourrais partager plusieurs choses System.Web.UI.Control.RenderChildrenInternalHtmlTextWriter writer, ICollection children 117 Pour r\u00e9agir \u00e0 cet article, merci de vous identifier une repr\u00e9sentation de th\u00e9\u00e2tre mais on ne peut pas en dire plus pour linstant <img decoding=\"async\" src=\"http:\/\/files.triax.fr\/media\/com_redshopb\/images\/originals\/pim\/import\/Images\/109170fl_UFO_170_LTE_Aerial_-_red_LED_Terrestrial_Reception_06.jpg\" alt=\"rencontres s evres\" align=\"left\">  290520 : Municipales : A Melle 79, la liste men\u00e9e par Sarah Klingler ayant obtenu la majorit\u00e9 absolue 28 voix au premier tour, le conseil a \u00e9t\u00e9 install\u00e9 hier, avec 9 postes dadjoints cr\u00e9\u00e9s, avec J\u00e9r\u00f4me Texier et Favienne Manguy comme 1er et 2e adjoints. Pour conna\u00eetre les actions de votre Caf, indiquez votre code postal : OK Un autre groupe dagriculteurs qui souhaitaient eux aussi rencontr\u00e9 la ministre de lEnvironnement a bloqu\u00e9 une partie de lapr\u00e8s midi les entr\u00e9es du march\u00e9 aux bestiaux de Parthenay, sans succ\u00e8s. Ils ont \u00e9galement d\u00e9vers\u00e9 des pneus sur le rond point de Poitiers \u00e0 lentr\u00e9e de Parthenay. La circulation a \u00e9t\u00e9 assur\u00e9e par la gendarmerie. Cloudflare Ray ID: 5a1f65c7a9a4d1f3 Your IP: 112.205.237.32 Performance security by Enfin, un showroom pr\u00e9sentera aux professionnels diff\u00e9rentes solutions, ce sera aussi loccasion d\u00e9changer autour dun buffet gastronomique propos\u00e9 par LArgenti\u00e8re. Pr\u00e9venez-moi de tous les nouveaux articles par email. Je suis un jeune homme black. Jai 25 ans et je suis \u00e9tudiant en m\u00eame temps. Je suis tr\u00e8s bien \u00e9duqu\u00e9 et je sais comment my prendre avec mon entourage. Je cherche \u00e0 me.. Je recherche ici des rencontres amicale seulement. Je suis une jeune maman en couple. Je cherche \u00e0 rencontrer de nouvelles personnes afin d\u00e9largir mon cercle amicale. \u00c0 bient\u00f4t Je suis un grand romantique et crois au grand amour. Le fait que je sois jeune ne justifie pas le fait daller voir \u00e0 droite \u00e0 gauche et de faire nimporte quoi avec nimporte qui. Lhonn\u00eatet\u00e9 et la fid\u00e9lit\u00e9 sont deux traits de caract\u00e8re tr\u00e8s importants pour moi. Je d\u00e9plore ce manque de droiture de la part des personnes de mon \u00e2ge, cest pourtant la base dun couple solide. Le programme de ce s\u00e9minaire de journalistes sest articul\u00e9 autour de 3 journ\u00e9es : <img decoding=\"async\" src=\"http:\/\/www.viva-media.ca\/wp-content\/uploads\/2014\/11\/CCJ-PQ-Vaudreuil-101-Cloutier_wb.jpg\" alt=\"rencontres s evres\" align=\"center\">   NullReferenceException: Object reference not set to an instance of an object. Paris, centre des Restos du XIVe arrdt : 47 de demandeurs suppl\u00e9mentaires en trois mois Lire aussi : Le pr\u00e9fet a visit\u00e9 les commerces de Saint-Jean-de-Luz en compagnie du maire de la ville Jean-Fran\u00e7ois Irigoyen. Actu Pays Basque Solidarit\u00e9 entre commer\u00e7ants La CR79 a aussi demand\u00e9 que les c\u00e9r\u00e9aliers puissent vendre directement leurs produits aux \u00e9leveurs, ce qui nest pas possible actuellement sans passer par un organisme stockeur. Glyphosate Nouvelle arrivante sur Niort et ne connaissant pas la r\u00e9gion, je cherche \u00e0 rencontrer des gens et pourquoi cr\u00e9er de nouvelles amiti\u00e9s. Annonce : Je cherche \u00e0 me faire des amies. En th\u00e9orie le reste suivra si il y a affinit\u00e9 mais ce nest pas mon but premier. Je veux juste passer de bonnes apr\u00e8s midi ou soir\u00e9es \u00e0 rire et faire rire. Tous les enfants d\u00e9j\u00e0 inscrits sur un des s\u00e9jours annul\u00e9s seront prioritaires pour linscription sur un nouveau s\u00e9jour. <img decoding=\"async\" src=\"http:\/\/www.tourisme-deux-sevres.com\/files\/cdt79\/files\/fichiers\/passion79bd.jpg\" alt=\"rencontres s evres\" align=\"left\"> Pour ces d\u00e9partements, lenregistrement, la mise \u00e0 jour, la consultation et le renouvellement de votre demande nest pas possible sur ce site. Je suis un tr\u00e8s bon vivant ayant une tr\u00e8s tr\u00e8s grosse libido! Jai crois\u00e9 ensuite Audrey Pleynet qui ma d\u00e9dicac\u00e9 son recueil Ellipses avis \u00e0 venir et nous sommes all\u00e9s au SEL pour les Rencontres. H\u00e9las, en passant devant la mairie o\u00f9 avait lieu une exposition sur Val\u00e9rian et Laureline, je nai pas vu quelle serait ferm\u00e9e lapr\u00e8s-midi. Tant pis! Je suis arriv\u00e9 pour la remise du Prix ActuSF de lUchronie qui a r\u00e9compens\u00e9 en Cat\u00e9gorie Litt\u00e9rature Frankenstein 1918 de Johan Heliot, en Cat\u00e9gorie Prix Graphique Le Dernier Atlas de Fabien Vehlmann, Gwen De Bonneval, Herv\u00e9 Tanquerelle et Fred Blanchard. Et un Prix Sp\u00e9cial avec Effluvium de Didier Graffet et Xavier Maum\u00e9jean. Je nen ai lu aucun, les discours \u00e9taient assez inaudibles et une satan\u00e9 plante verte a squatt\u00e9 mes photos, mais le tout sest fait dans une ambiance d\u00e9tendue!<\/p>\n","protected":false},"excerpt":{"rendered":"<p>rencontres s evres<\/p>\n","protected":false},"author":1,"featured_media":0,"comment_status":"closed","ping_status":"closed","sticky":false,"template":"","format":"standard","meta":{"footnotes":""},"categories":[1],"tags":[],"_links":{"self":[{"href":"http:\/\/bauclassroom.com\/info\/wp-json\/wp\/v2\/posts\/9980"}],"collection":[{"href":"http:\/\/bauclassroom.com\/info\/wp-json\/wp\/v2\/posts"}],"about":[{"href":"http:\/\/bauclassroom.com\/info\/wp-json\/wp\/v2\/types\/post"}],"author":[{"embeddable":true,"href":"http:\/\/bauclassroom.com\/info\/wp-json\/wp\/v2\/users\/1"}],"replies":[{"embeddable":true,"href":"http:\/\/bauclassroom.com\/info\/wp-json\/wp\/v2\/comments?post=9980"}],"version-history":[{"count":1,"href":"http:\/\/bauclassroom.com\/info\/wp-json\/wp\/v2\/posts\/9980\/revisions"}],"predecessor-version":[{"id":9981,"href":"http:\/\/bauclassroom.com\/info\/wp-json\/wp\/v2\/posts\/9980\/revisions\/9981"}],"wp:attachment":[{"href":"http:\/\/bauclassroom.com\/info\/wp-json\/wp\/v2\/media?parent=9980"}],"wp:term":[{"taxonomy":"category","embeddable":true,"href":"http:\/\/bauclassroom.com\/info\/wp-json\/wp\/v2\/categories?post=9980"},{"taxonomy":"post_tag","embeddable":true,"href":"http:\/\/bauclassroom.com\/info\/wp-json\/wp\/v2\/tags?post=9980"}],"curies":[{"name":"wp","href":"https:\/\/api.w.org\/{rel}","templated":true}]}}